{"id":127259,"date":"2019-10-17T08:51:07","date_gmt":"2019-10-17T11:51:07","guid":{"rendered":"http:\/\/www.caririemacao.com\/1\/?p=127259"},"modified":"2019-10-17T08:51:07","modified_gmt":"2019-10-17T11:51:07","slug":"guedes-discute-no-congresso-reforma-tributaria-e-pacto-federativo","status":"publish","type":"post","link":"https:\/\/www.caririemacao.com\/1\/2019\/10\/17\/guedes-discute-no-congresso-reforma-tributaria-e-pacto-federativo\/","title":{"rendered":"Guedes discute no Congresso reforma tribut\u00e1ria e pacto federativo"},"content":{"rendered":"\n<p>O ministro da Economia, Paulo Guedes, vai debater hoje (17) com os presidentes da C\u00e2mara, Rodrigo Maia, e do Senado, Davi Alcolumbre, uma agenda para depois da aprova\u00e7\u00e3o da reforma da Previd\u00eancia.<\/p>\n\n\n\n<p>Ao chegar ao Minist\u00e9rio da Economia, ele afirmou que esse \u00e9 o tema de reuni\u00e3o nesta manh\u00e3 com os parlamentares. Segundo o ministro, ser\u00e3o debatidos a reforma tribut\u00e1ria e o pacto federativo<\/p>\n\n\n\n<p>Sobre o tema priorit\u00e1rio, Guedes disse que essa defini\u00e7\u00e3o \u00e9 do Congresso Nacional. &#8220;Eles que sabem como processar politicamente. A gente mostra o que tem e eles processam&#8221;.&nbsp;<\/p>\n","protected":false},"excerpt":{"rendered":"<p>O ministro da Economia, Paulo Guedes, vai debater hoje (17) com os presidentes da C\u00e2mara, Rodrigo Maia, e do Senado, Davi Alcolumbre, uma agenda para&hellip; <\/p>\n","protected":false},"author":1,"featured_media":104004,"comment_status":"closed","ping_status":"closed","sticky":false,"template":"","format":"standard","meta":{"sfsi_plus_gutenberg_text_before_share":"","sfsi_plus_gutenberg_show_text_before_share":"","sfsi_plus_gutenberg_icon_type":"","sfsi_plus_gutenberg_icon_alignemt":"","sfsi_plus_gutenburg_max_per_row":"","footnotes":""},"categories":[11],"tags":[],"class_list":["post-127259","post","type-post","status-publish","format-standard","has-post-thumbnail","hentry","category-politica"],"_links":{"self":[{"href":"https:\/\/www.caririemacao.com\/1\/wp-json\/wp\/v2\/posts\/127259","targetHints":{"allow":["GET"]}}],"collection":[{"href":"https:\/\/www.caririemacao.com\/1\/wp-json\/wp\/v2\/posts"}],"about":[{"href":"https:\/\/www.caririemacao.com\/1\/wp-json\/wp\/v2\/types\/post"}],"author":[{"embeddable":true,"href":"https:\/\/www.caririemacao.com\/1\/wp-json\/wp\/v2\/users\/1"}],"replies":[{"embeddable":true,"href":"https:\/\/www.caririemacao.com\/1\/wp-json\/wp\/v2\/comments?post=127259"}],"version-history":[{"count":1,"href":"https:\/\/www.caririemacao.com\/1\/wp-json\/wp\/v2\/posts\/127259\/revisions"}],"predecessor-version":[{"id":127260,"href":"https:\/\/www.caririemacao.com\/1\/wp-json\/wp\/v2\/posts\/127259\/revisions\/127260"}],"wp:featuredmedia":[{"embeddable":true,"href":"https:\/\/www.caririemacao.com\/1\/wp-json\/wp\/v2\/media\/104004"}],"wp:attachment":[{"href":"https:\/\/www.caririemacao.com\/1\/wp-json\/wp\/v2\/media?parent=127259"}],"wp:term":[{"taxonomy":"category","embeddable":true,"href":"https:\/\/www.caririemacao.com\/1\/wp-json\/wp\/v2\/categories?post=127259"},{"taxonomy":"post_tag","embeddable":true,"href":"https:\/\/www.caririemacao.com\/1\/wp-json\/wp\/v2\/tags?post=127259"}],"curies":[{"name":"wp","href":"https:\/\/api.w.org\/{rel}","templated":true}]}}