{"id":127280,"date":"2019-10-17T09:07:52","date_gmt":"2019-10-17T12:07:52","guid":{"rendered":"http:\/\/www.caririemacao.com\/1\/?p=127280"},"modified":"2019-10-17T09:07:52","modified_gmt":"2019-10-17T12:07:52","slug":"psl-tem-guerra-de-listas-apos-bolsonaro-atuar-para-eduardo-ser-lider-na-camara","status":"publish","type":"post","link":"https:\/\/www.caririemacao.com\/1\/2019\/10\/17\/psl-tem-guerra-de-listas-apos-bolsonaro-atuar-para-eduardo-ser-lider-na-camara\/","title":{"rendered":"PSL tem guerra de listas ap\u00f3s Bolsonaro atuar para Eduardo ser l\u00edder na C\u00e2mara"},"content":{"rendered":"\n<p>Deputados do PSL deflagraram uma guerra de listas na noite de quarta-feira (16) para definir o l\u00edder da bancada na C\u00e2mara. A disputa p\u00f5e em choque aliados do presidente Jair Bolsonaro e do presidente da legenda, Luciano Bivar (PE).<br><\/p>\n\n\n\n<p>Bolsonaro e Bivar est\u00e3o h\u00e1 mais de uma semana em atrito, depois de o presidente afirmar que o colega de partido est\u00e1 &#8220;queimado pra caramba&#8221;. Bivar tamb\u00e9m foi alvo de opera\u00e7\u00e3o da Pol\u00edcia Federal que investiga suposto esquema de candidaturas laranjas.<\/p>\n\n\n\n<p>O atual l\u00edder da bancada \u00e9 Delegado Waldir (GO), mas bolsonaristas querem substitu\u00ed-lo por Eduardo Bolsonaro (SP), filho do presidente, como a Folha antecipou. Segundo deputados, Bolsonaro atuou pessoalmente para influir no processo.<\/p>\n\n\n\n<p>As vers\u00f5es desencontradas geraram uma confus\u00e3o no protocolo da C\u00e2mara.<\/p>\n\n\n\n<p>A ala bolsonarista entregou uma lista com 27 assinaturas para tirar Waldir do comando da bancada. Uma contra-lista foi ent\u00e3o apresentada com 32 deputados.<\/p>\n\n\n\n<p>Como o PSL tem 53 parlamentares, a conta n\u00e3o fecha. O impasse foi instaurado. Como a lista para manter Waldir na lideran\u00e7a foi a \u00faltima protocolada, \u00e9 ela que vale por enquanto para a C\u00e2mara.<\/p>\n\n\n\n<p>Eduardo j\u00e1 comentou uma eventual substitui\u00e7\u00e3o. &#8220;O meu compromisso aqui \u00e9 ficar at\u00e9 dezembro, oportunidade em que teremos elei\u00e7\u00f5es para o ano que vem&#8221;, afirmou Eduardo em entrevista coletiva, cercado pelo n\u00facleo duro dos bolsonaristas.<\/p>\n\n\n\n<p>As assinaturas, por\u00e9m, ter\u00e3o de ser checadas pela administra\u00e7\u00e3o da Casa para conferir se s\u00e3o aut\u00eanticas, e o presidente da Casa, Rodrigo Maia (DEM-RJ), tem de chancelar a medida para que ela entre em vigor.<\/p>\n\n\n\n<p>Os deputados, de ambos os grupos, n\u00e3o mostraram o documento \u00e0 imprensa.<br>No lado bolsonarista, a decis\u00e3o dos congressistas vem na esteira da crise do PSL. Waldir vinha retaliando, desde a semana passada, deputados da ala dissidente, retirando-os de comiss\u00f5es e de posi\u00e7\u00f5es na lideran\u00e7a do partido.<\/p>\n\n\n\n<p>&#8220;A minha inten\u00e7\u00e3o \u00e9 apenas manter o status quo, muitos deputados foram retirados de comiss\u00e3o, ocorreu uma retalia\u00e7\u00e3o e pareceu que se estava fazendo pol\u00edtica com o f\u00edgado&#8221;, disse Eduardo.<\/p>\n\n\n\n<p>O filho do presidente tamb\u00e9m afirmou que sua indica\u00e7\u00e3o para ocupar a embaixada do Brasil em Washington \u00e9 secund\u00e1ria.<\/p>\n\n\n\n<p>&#8220;Todos os temas como embaixada, ou viagem para a \u00c1sia, esses s\u00e3o temas secund\u00e1rios, a gente est\u00e1 aqui para cuidar dos nossos eleitores&#8221;, afirmou. O mandato seria tamp\u00e3o. Washington est\u00e1 sem embaixador h\u00e1 meses.<\/p>\n\n\n\n<p>O grupo de parlamentares bolsonaristas \u00e9 composto pelo l\u00edder do governo na C\u00e2mara, Major Vitor Hugo (PSL-GO), Carlos Jordy (RJ), Bia Kicis (DF), Carla Zambelli (SP), Filipe Barros (PR), entre outros que assinaram a notifica\u00e7\u00e3o de Bolsonaro pedindo mais transpar\u00eancia no PSL.<\/p>\n\n\n\n<p>Antes da confus\u00e3o no protocolo da C\u00e2mara, Waldir j\u00e1 havia afirmado que Bolsonaro tinha ligado para deputados da sigla para pedir apoio \u00e0 sua substitui\u00e7\u00e3o por Eduardo.<\/p>\n\n\n\n<p>&#8220;Na verdade a bancada est\u00e1 \u00e1gua e \u00f3leo, e vejo que est\u00e1 acontecendo uma grande preocupa\u00e7\u00e3o do Planalto, porque eu assumo uma posi\u00e7\u00e3o extremamente independente, porque eu n\u00e3o me ajoelho, eu n\u00e3o sou empregado do presidente&#8221;, afirmou.<\/p>\n\n\n\n<p>&#8220;O presidente est\u00e1 ligando para cada parlamentar e cobrando o voto no filho dele&#8221;, disse.<\/p>\n\n\n\n<p>\u00c0 noite, \u00e1udios divulgados por pessoas ligadas ao PSL e atribu\u00eddos por eles a Bolsonaro indicam o que seria a a\u00e7\u00e3o do presidente para convencer os deputados para a troca do l\u00edder do partido.&nbsp;<\/p>\n\n\n\n<p>Questionado sobre as grava\u00e7\u00f5es que foram enviadas pela Folha, o Pal\u00e1cio do Planalto informou que n\u00e3o comentaria.<\/p>\n\n\n\n<p>Em conversas reservadas, o presidente tem defendido a necessidade de se criar um movimento maior de apoio a ele e que eleve a press\u00e3o sobre Bivar para a realiza\u00e7\u00e3o de uma auditoria externa nas contas da legenda.<\/p>\n\n\n\n<p>A ideia tem sido a de usar eventuais irregularidades nos documentos como justa causa para uma desfilia\u00e7\u00e3o de deputados da sigla, o que evitaria perda de mandato.<\/p>\n\n\n\n<p>Como a articula\u00e7\u00e3o at\u00e9 agora criou um racha no partido que colocou em risco a pauta de vota\u00e7\u00f5es no Congresso, a ordem do presidente a aliados tem sido de que a movimenta\u00e7\u00e3o seja feita da forma mais discreta poss\u00edvel e que seja intensificada em novembro, quando ele voltar de viagem \u00e0 \u00c1sia.<\/p>\n\n\n\n<p>Os membros da bancada ligados a Bivar e a Waldir se reuniram nesta quarta-feira (16) na C\u00e2mara dos Deputados para discutir a situa\u00e7\u00e3o do partido.<\/p>\n\n\n\n<p>Participaram ao menos 25 dos parlamentares favor\u00e1veis \u00e0 manuten\u00e7\u00e3o do presidente da legenda no comando do PSL, mas o pr\u00f3prio Bivar n\u00e3o compareceu.<\/p>\n\n\n\n<p>O grupo afirma que \u00e9 preciso preserv\u00e1-lo. Bivar n\u00e3o apareceu na C\u00e2mara nesta semana, mas h\u00e1 a expectativa de uma reuni\u00e3o com os membros da bancada em Bras\u00edlia ainda nesta semana.<\/p>\n\n\n\n<p>Na noite desta quarta, Bivar enviou nota em que solicita que os advogados de Bolsonaro, Admar Gonzaga, Karina Kufa e Marcello de Paula, apresentem as procura\u00e7\u00f5es recebidas de deputados para assinarem a notifica\u00e7\u00e3o que pede mais transpar\u00eancia do PSL.<br><\/p>\n\n\n\n<p>Segundo Bivar, se trata de uma necessidade de &#8220;compliance&#8221;. Ele diz que os deputados da ala bolsonarista n\u00e3o subscrevem oficialmente o documento e questiona os &#8220;poderes que teriam sido outorgados \u00e0 Vs. Sas. para subscrever o documento&#8221;. O presidente da legenda volta a dizer que as contas est\u00e3o dispon\u00edveis na Justi\u00e7a Eleitoral, e que as contas de 2019 ser\u00e3o prestadas no dia 30 de junho de 2020.<\/p>\n\n\n\n<p>Presidente da C\u00e2mara, Rodrigo Maia (DEM-RJ) disse nesta quarta que o plen\u00e1rio da Casa n\u00e3o pode se deixar contaminar pela crise no PSL.<\/p>\n\n\n\n<p>&#8220;Briga de partido sempre existe. N\u00e3o \u00e9 que seja natural, mas acontece. Briga por espa\u00e7o politico, por poder, ainda mais num partido com muitos deputados novos, que tem elei\u00e7\u00f5es que foram constru\u00eddas de foram totalmente divergente. O que n\u00e3o podemos \u00e9 deixar que a crise do PSL contamine o plen\u00e1rio da C\u00e2mara&#8221;, afirmou.<\/p>\n\n\n\n<p>Maia, que tem buscado se consolidar como um protagonista com voz moderada em meio \u00e0s crises do Planalto, puxou para si a vota\u00e7\u00e3o da medida provis\u00f3ria de reestrutura\u00e7\u00e3o da Casa Civil, aprovada nesta ter\u00e7a-feira (15), pr\u00f3xima ao prazo de perda de validade, nesta quarta. &#8220;Com toda a briga no PSL, n\u00f3s garantimos a aprova\u00e7\u00e3o da medida provis\u00f3ria.&#8221;<\/p>\n","protected":false},"excerpt":{"rendered":"<p>Deputados do PSL deflagraram uma guerra de listas na noite de quarta-feira (16) para definir o l\u00edder da bancada na C\u00e2mara. A disputa p\u00f5e em&hellip; <\/p>\n","protected":false},"author":1,"featured_media":104345,"comment_status":"closed","ping_status":"closed","sticky":false,"template":"","format":"standard","meta":{"sfsi_plus_gutenberg_text_before_share":"","sfsi_plus_gutenberg_show_text_before_share":"","sfsi_plus_gutenberg_icon_type":"","sfsi_plus_gutenberg_icon_alignemt":"","sfsi_plus_gutenburg_max_per_row":"","footnotes":""},"categories":[11],"tags":[],"class_list":["post-127280","post","type-post","status-publish","format-standard","has-post-thumbnail","hentry","category-politica"],"_links":{"self":[{"href":"https:\/\/www.caririemacao.com\/1\/wp-json\/wp\/v2\/posts\/127280","targetHints":{"allow":["GET"]}}],"collection":[{"href":"https:\/\/www.caririemacao.com\/1\/wp-json\/wp\/v2\/posts"}],"about":[{"href":"https:\/\/www.caririemacao.com\/1\/wp-json\/wp\/v2\/types\/post"}],"author":[{"embeddable":true,"href":"https:\/\/www.caririemacao.com\/1\/wp-json\/wp\/v2\/users\/1"}],"replies":[{"embeddable":true,"href":"https:\/\/www.caririemacao.com\/1\/wp-json\/wp\/v2\/comments?post=127280"}],"version-history":[{"count":1,"href":"https:\/\/www.caririemacao.com\/1\/wp-json\/wp\/v2\/posts\/127280\/revisions"}],"predecessor-version":[{"id":127281,"href":"https:\/\/www.caririemacao.com\/1\/wp-json\/wp\/v2\/posts\/127280\/revisions\/127281"}],"wp:featuredmedia":[{"embeddable":true,"href":"https:\/\/www.caririemacao.com\/1\/wp-json\/wp\/v2\/media\/104345"}],"wp:attachment":[{"href":"https:\/\/www.caririemacao.com\/1\/wp-json\/wp\/v2\/media?parent=127280"}],"wp:term":[{"taxonomy":"category","embeddable":true,"href":"https:\/\/www.caririemacao.com\/1\/wp-json\/wp\/v2\/categories?post=127280"},{"taxonomy":"post_tag","embeddable":true,"href":"https:\/\/www.caririemacao.com\/1\/wp-json\/wp\/v2\/tags?post=127280"}],"curies":[{"name":"wp","href":"https:\/\/api.w.org\/{rel}","templated":true}]}}