{"id":127286,"date":"2019-10-17T09:11:36","date_gmt":"2019-10-17T12:11:36","guid":{"rendered":"http:\/\/www.caririemacao.com\/1\/?p=127286"},"modified":"2019-10-17T09:11:36","modified_gmt":"2019-10-17T12:11:36","slug":"umidade-em-nivel-de-deserto-coloca-10-cidades-do-cariri-em-alerta-2","status":"publish","type":"post","link":"https:\/\/www.caririemacao.com\/1\/2019\/10\/17\/umidade-em-nivel-de-deserto-coloca-10-cidades-do-cariri-em-alerta-2\/","title":{"rendered":"Umidade em n\u00edvel de deserto coloca 10 cidades do Cariri em alerta"},"content":{"rendered":"\n<p>O Instituto Nacional de Meteorologia (Inmet) colocou, nesta quarta-feira (16), 100 munic\u00edpios da Para\u00edba, sendo 10 na regi\u00e3o do Cariri, em alerta para perigo potencial de baixa umidade. Conforme o comunicado, o n\u00edvel da umidade relativa do ar pode deve variar entre 20% e 12%. Para se ter uma ideia, no deserto do Saara, ambiente extremamente seco, fica entre 10% e 15%. O alerta \u00e9 v\u00e1lido at\u00e9 as 18h desta quarta-feira.<\/p>\n\n\n\n<p>Segundo o alerta, h\u00e1 riscos de inc\u00eandios florestais e \u00e0 sa\u00fade humana. Moradores de \u00e1reas afetadas podem sentir desconforto nos olhos, boca e nariz, al\u00e9m de perceber ressecamento da pele. Por isso, a orienta\u00e7\u00e3o \u00e9 de que consumam bastante l\u00edquido, evitem exposi\u00e7\u00e3o ao sol nas horas mais quentes do dia e usem hidratante para pele e umidifiquem o ambiente. Atividades f\u00edsicas n\u00e3o s\u00e3o recomendadas.<\/p>\n\n\n\n<p>Em caso de emerg\u00eancia, a popula\u00e7\u00e3o pode obter mais informa\u00e7\u00f5es junto \u00e0 Defesa Civil (telefone 199) e ao Corpo de Bombeiros (telefone 193).<\/p>\n\n\n\n<p><strong>Veja a rela\u00e7\u00e3o de cidades que est\u00e3o sob alerta:<\/strong><br>Aguiar<br><strong>Amparo<\/strong><br>Aparecida<br>Areia De Bara\u00fanas<br>Bel\u00e9m Do Brejo Do Cruz<br>Bernardino Batista<br>Boa Ventura<br>Bom Jesus<br>Bom Sucesso<br>Bonito De Santa F\u00e9<br>Brejo Do Cruz<br>Brejo Dos Santos<br>Cachoeira Dos \u00cdndios<br>Cacimba De Areia<br>Cacimbas<br>Cajazeiras<br>Cajazeirinhas<br>Carrapateira<br>Catingueira<br>Catol\u00e9 Do Rocha<br>Concei\u00e7\u00e3o<br>Condado<br>Coremas<br>Curral Velho<br>Desterro<br>Diamante<br>Emas<br>Ibiara<br>Igaracy<br>Imaculada<br>Itaporanga<br>Jeric\u00f3<br>Joca Claudino<br>Junco Do Serid\u00f3<br>Juru<br>Lagoa<br>Lastro<br><strong>Livramento<\/strong><br>Malta<br>Mana\u00edra<br>Mariz\u00f3polis<br>Mato Grosso<br>Matur\u00e9ia<br>Monte Horebe<br><strong>Monteiro<\/strong><br>M\u00e3e D\u2019\u00c1gua<br>Nazarezinho<br>Nova Olinda<br>Olho D\u2019\u00c1gua<br><strong>Ouro Velho<\/strong><br>Passagem<br>Patos<br>Paulista<br>Pedra Branca<br>Pianc\u00f3<br>Pombal<br>Po\u00e7o Dantas<br>Po\u00e7o De Jos\u00e9 De Moura<br>Prata<br>Princesa Isabel<br>Quixab\u00e1<br>Riacho Dos Cavalos<br>Salgadinho<br>Santa Cruz<br>Santa Helena<br>Santa In\u00eas<br>Santa Luzia<br>Santa Teresinha<br>Santana De Mangueira<br>Santana Dos Garrotes<br><strong>Serra Branca<\/strong><br>Serra Grande<br>Sousa<br><strong>Sum\u00e9<\/strong><br>S\u00e3o Bentinho<br>S\u00e3o Bento<br>S\u00e3o Domingos<br>S\u00e3o Francisco<br>S\u00e3o Jos\u00e9 Da Lagoa Tapada<br>S\u00e3o Jos\u00e9 De Caiana<br>S\u00e3o Jos\u00e9 De Espinharas<br>S\u00e3o Jos\u00e9 De Piranhas<br>S\u00e3o Jos\u00e9 De Princesa<br>S\u00e3o Jos\u00e9 Do Bonfim<br>S\u00e3o Jos\u00e9 Do Brejo Do Cruz<br>S\u00e3o Jos\u00e9 Do Sabugi<br><strong>S\u00e3o Jos\u00e9 Dos Cordeiros<\/strong><br>S\u00e3o Jo\u00e3o Do Rio Do Peixe<br>S\u00e3o Mamede<br><strong>S\u00e3o Sebasti\u00e3o Do Umbuzeiro<\/strong><br><strong>Tapero\u00e1<\/strong><br>Tavares<br>Teixeira<br>Triunfo<br>Uira\u00fana<br>Vieir\u00f3polis<br>Vista Serrana<br>V\u00e1rzea<br><strong>Zabel\u00ea<\/strong><br>\u00c1gua Branca<\/p>\n","protected":false},"excerpt":{"rendered":"<p>O Instituto Nacional de Meteorologia (Inmet) colocou, nesta quarta-feira (16), 100 munic\u00edpios da Para\u00edba, sendo 10 na regi\u00e3o do Cariri, em alerta para perigo potencial&hellip; <\/p>\n","protected":false},"author":1,"featured_media":127287,"comment_status":"closed","ping_status":"closed","sticky":false,"template":"","format":"standard","meta":{"sfsi_plus_gutenberg_text_before_share":"","sfsi_plus_gutenberg_show_text_before_share":"","sfsi_plus_gutenberg_icon_type":"","sfsi_plus_gutenberg_icon_alignemt":"","sfsi_plus_gutenburg_max_per_row":"","footnotes":""},"categories":[6],"tags":[],"class_list":["post-127286","post","type-post","status-publish","format-standard","has-post-thumbnail","hentry","category-cidades"],"_links":{"self":[{"href":"https:\/\/www.caririemacao.com\/1\/wp-json\/wp\/v2\/posts\/127286","targetHints":{"allow":["GET"]}}],"collection":[{"href":"https:\/\/www.caririemacao.com\/1\/wp-json\/wp\/v2\/posts"}],"about":[{"href":"https:\/\/www.caririemacao.com\/1\/wp-json\/wp\/v2\/types\/post"}],"author":[{"embeddable":true,"href":"https:\/\/www.caririemacao.com\/1\/wp-json\/wp\/v2\/users\/1"}],"replies":[{"embeddable":true,"href":"https:\/\/www.caririemacao.com\/1\/wp-json\/wp\/v2\/comments?post=127286"}],"version-history":[{"count":1,"href":"https:\/\/www.caririemacao.com\/1\/wp-json\/wp\/v2\/posts\/127286\/revisions"}],"predecessor-version":[{"id":127288,"href":"https:\/\/www.caririemacao.com\/1\/wp-json\/wp\/v2\/posts\/127286\/revisions\/127288"}],"wp:featuredmedia":[{"embeddable":true,"href":"https:\/\/www.caririemacao.com\/1\/wp-json\/wp\/v2\/media\/127287"}],"wp:attachment":[{"href":"https:\/\/www.caririemacao.com\/1\/wp-json\/wp\/v2\/media?parent=127286"}],"wp:term":[{"taxonomy":"category","embeddable":true,"href":"https:\/\/www.caririemacao.com\/1\/wp-json\/wp\/v2\/categories?post=127286"},{"taxonomy":"post_tag","embeddable":true,"href":"https:\/\/www.caririemacao.com\/1\/wp-json\/wp\/v2\/tags?post=127286"}],"curies":[{"name":"wp","href":"https:\/\/api.w.org\/{rel}","templated":true}]}}