{"id":127295,"date":"2019-10-17T09:13:54","date_gmt":"2019-10-17T12:13:54","guid":{"rendered":"http:\/\/www.caririemacao.com\/1\/?p=127295"},"modified":"2019-10-17T09:13:54","modified_gmt":"2019-10-17T12:13:54","slug":"provas-do-concurso-da-prefeitura-de-sao-jose-dos-cordeiros-serao-aplicadas-em-sume-entenda-o-motivo","status":"publish","type":"post","link":"https:\/\/www.caririemacao.com\/1\/2019\/10\/17\/provas-do-concurso-da-prefeitura-de-sao-jose-dos-cordeiros-serao-aplicadas-em-sume-entenda-o-motivo\/","title":{"rendered":"Provas do concurso da Prefeitura de S\u00e3o Jos\u00e9 dos Cordeiros ser\u00e3o aplicadas em Sum\u00e9; entenda o motivo"},"content":{"rendered":"\n<p>A Comiss\u00e3o Permanente de Concursos da UEPB (CPCON), banca organizadora do concurso da Prefeitura de S\u00e3o Jos\u00e9 dos Cordeiros, emitiu um comunicado informando que as provas para o certame deste munic\u00edpio ser\u00e3o aplicadas em Sum\u00e9, unindo-se ao concurso que tamb\u00e9m ser\u00e1 realizado visando preencher vagas para a Prefeitura de Sum\u00e9.<\/p>\n\n\n\n<p>A CPCON explicou que o n\u00famero de inscritos para o concurso de S\u00e3o Jos\u00e9 dos Cordeiros foi abaixo do esperado e por isso a melhor log\u00edstica para realiza\u00e7\u00e3o das provas \u00e9 no munic\u00edpio de Sum\u00e9, cidade que tamb\u00e9m receber\u00e1 provas da CPCON neste final de semana. \u201cMesmo com preju\u00edzo, vamos assumir o compromisso de realizar o processo e pedimos a compreens\u00e3o dos candidatos\u201d, reiterou o comunicado.<\/p>\n\n\n\n<p>A institui\u00e7\u00e3o refor\u00e7a aos candidatos que todas as informa\u00e7\u00f5es como local de prova, hor\u00e1rio e sala de aplica\u00e7\u00e3o j\u00e1 est\u00e3o dispon\u00edveis no site:&nbsp;<a href=\"https:\/\/cpcon.uepb.edu.br\/?fbclid=IwAR3Okfl2-pWtmeK53qjy_S11ZMRUX1H6Z9bAH4wDeWLqOSSiY-TUz841twk\" target=\"_blank\" rel=\"noreferrer noopener\">https:\/\/cpcon.uepb.edu.br\/<\/a><\/p>\n","protected":false},"excerpt":{"rendered":"<p>A Comiss\u00e3o Permanente de Concursos da UEPB (CPCON), banca organizadora do concurso da Prefeitura de S\u00e3o Jos\u00e9 dos Cordeiros, emitiu um comunicado informando que as&hellip; <\/p>\n","protected":false},"author":1,"featured_media":105886,"comment_status":"closed","ping_status":"closed","sticky":false,"template":"","format":"standard","meta":{"sfsi_plus_gutenberg_text_before_share":"","sfsi_plus_gutenberg_show_text_before_share":"","sfsi_plus_gutenberg_icon_type":"","sfsi_plus_gutenberg_icon_alignemt":"","sfsi_plus_gutenburg_max_per_row":"","footnotes":""},"categories":[2],"tags":[],"class_list":["post-127295","post","type-post","status-publish","format-standard","has-post-thumbnail","hentry","category-geral"],"_links":{"self":[{"href":"https:\/\/www.caririemacao.com\/1\/wp-json\/wp\/v2\/posts\/127295","targetHints":{"allow":["GET"]}}],"collection":[{"href":"https:\/\/www.caririemacao.com\/1\/wp-json\/wp\/v2\/posts"}],"about":[{"href":"https:\/\/www.caririemacao.com\/1\/wp-json\/wp\/v2\/types\/post"}],"author":[{"embeddable":true,"href":"https:\/\/www.caririemacao.com\/1\/wp-json\/wp\/v2\/users\/1"}],"replies":[{"embeddable":true,"href":"https:\/\/www.caririemacao.com\/1\/wp-json\/wp\/v2\/comments?post=127295"}],"version-history":[{"count":1,"href":"https:\/\/www.caririemacao.com\/1\/wp-json\/wp\/v2\/posts\/127295\/revisions"}],"predecessor-version":[{"id":127296,"href":"https:\/\/www.caririemacao.com\/1\/wp-json\/wp\/v2\/posts\/127295\/revisions\/127296"}],"wp:featuredmedia":[{"embeddable":true,"href":"https:\/\/www.caririemacao.com\/1\/wp-json\/wp\/v2\/media\/105886"}],"wp:attachment":[{"href":"https:\/\/www.caririemacao.com\/1\/wp-json\/wp\/v2\/media?parent=127295"}],"wp:term":[{"taxonomy":"category","embeddable":true,"href":"https:\/\/www.caririemacao.com\/1\/wp-json\/wp\/v2\/categories?post=127295"},{"taxonomy":"post_tag","embeddable":true,"href":"https:\/\/www.caririemacao.com\/1\/wp-json\/wp\/v2\/tags?post=127295"}],"curies":[{"name":"wp","href":"https:\/\/api.w.org\/{rel}","templated":true}]}}