{"id":127308,"date":"2019-10-17T11:48:18","date_gmt":"2019-10-17T14:48:18","guid":{"rendered":"http:\/\/www.caririemacao.com\/1\/?p=127308"},"modified":"2019-10-17T11:48:18","modified_gmt":"2019-10-17T14:48:18","slug":"se-houver-grampo-e-uma-desonestidade-diz-bolsonaro-sobre-audio-vazado-sobre-psl","status":"publish","type":"post","link":"https:\/\/www.caririemacao.com\/1\/2019\/10\/17\/se-houver-grampo-e-uma-desonestidade-diz-bolsonaro-sobre-audio-vazado-sobre-psl\/","title":{"rendered":"Se houver grampo \u00e9 uma desonestidade, diz Bolsonaro sobre \u00e1udio vazado sobre PSL"},"content":{"rendered":"\n<p>&nbsp;O presidente Jair Bolsonaro (PSL) tratou como &#8220;desonestidade&#8221; um poss\u00edvel grampo de suas conversas com deputados do PSL.<br>&#8220;Eu falei com meus parlamentares. Me gravaram? Deram uma de jornalista? Eu converso com deputados, eu n\u00e3o trato publicamente deste assunto&#8221;, disse ao deixar o Pal\u00e1cio da Alvorada na manh\u00e3 desta quinta-feira (17).<\/p>\n\n\n\n<p>A declara\u00e7\u00e3o foi feita depois de Bolsonaro ser questionado sobre a divulga\u00e7\u00e3o de \u00e1udios divulgados por pessoas ligadas ao PSL e atribu\u00eddos por eles a Bolsonaro que indicam o que seria a a\u00e7\u00e3o do presidente para convencer os deputados para a troca do l\u00edder do partido.&nbsp;<\/p>\n\n\n\n<p>&#8220;Eu n\u00e3o trato publicamente sobre este assunto. Eu converso individualmente. Se algu\u00e9m entrou, grampeou telefone, primeiro \u00e9 uma desonestidade&#8221;, afirmou.<\/p>\n\n\n\n<p>Bolsonaro n\u00e3o respondeu se pedir\u00e1 que seja investigado de que forma o \u00e1udio seu foi vazado. Ele encerrou uma r\u00e1pida entrevista na porta do Alvorada ao ser questionado sobre sua interfer\u00eancia na lideran\u00e7a do PSL.&nbsp; &nbsp;<\/p>\n\n\n\n<p>Em meio a um racha no PSL, escancarado depois de o presidente admitir que pode deixar a legenda, deputados do partido deflagaram uma guerra de listas na noite de quarta-feira (16) para troca do l\u00edder na C\u00e2mara.&nbsp;<\/p>\n\n\n\n<p>A disputa p\u00f5e em choque aliados do presidente Jair Bolsonaro e do presidente da legenda, o deputado Luciano Bivar (PE).<\/p>\n\n\n\n<p>Bolsonaro e Bivar est\u00e3o h\u00e1 mais de uma semana em atrito, depois de o presidente afirmar que o colega de partido est\u00e1 &#8220;queimado pra caramba&#8221;. Bivar tamb\u00e9m foi alvo de opera\u00e7\u00e3o da Pol\u00edcia Federal que investiga suposto esquema de candidaturas laranjas.<\/p>\n\n\n\n<p>O atual l\u00edder da bancada \u00e9 Delegado Waldir (GO), mas bolsonaristas querem substitu\u00ed-lo por Eduardo Bolsonaro (SP), filho do presidente, como a Folha antecipou. Segundo deputados, Bolsonaro atuou pessoalmente para influir no processo.<\/p>\n\n\n\n<p>As vers\u00f5es desencontradas geraram uma confus\u00e3o no protocolo da C\u00e2mara.<\/p>\n\n\n\n<p>A ala bolsonarista entregou uma lista com 27 assinaturas para tirar Waldir do comando da bancada. Uma contra-lista foi ent\u00e3o apresentada com 32 deputados.<\/p>\n\n\n\n<p>Como o PSL tem 53 parlamentares, a conta n\u00e3o fecha. O impasse foi instaurado. Como a lista para manter Waldir na lideran\u00e7a foi a \u00faltima protocolada, \u00e9 ela que vale por enquanto para a C\u00e2mara.<\/p>\n\n\n\n<p>Eduardo j\u00e1 comentou uma eventual substitui\u00e7\u00e3o. &#8220;O meu compromisso aqui \u00e9 ficar at\u00e9 dezembro, oportunidade em que teremos elei\u00e7\u00f5es para o ano que vem&#8221;, afirmou em entrevista coletiva, cercado pelo n\u00facleo duro dos bolsonaristas.<\/p>\n\n\n\n<p>As assinaturas, por\u00e9m, ter\u00e3o de ser checadas pela administra\u00e7\u00e3o da Casa para conferir se s\u00e3o aut\u00eanticas, e o presidente da Casa, Rodrigo Maia (DEM-RJ), tem de chancelar a medida para que ela entre em vigor.<\/p>\n\n\n\n<p>Os deputados, de ambos os grupos, n\u00e3o mostraram o documento \u00e0 imprensa.<\/p>\n\n\n\n<p>No lado bolsonarista, a decis\u00e3o dos congressistas vem na esteira da crise do PSL.&nbsp;<\/p>\n\n\n\n<p>Waldir vinha retaliando, desde a semana passada, deputados da ala dissidente, retirando-os de comiss\u00f5es e de posi\u00e7\u00f5es na lideran\u00e7a do partido.<br><\/p>\n\n\n\n<p>&#8220;A minha inten\u00e7\u00e3o \u00e9 apenas manter o status quo, muitos deputados foram retirados de comiss\u00e3o, ocorreu uma retalia\u00e7\u00e3o e pareceu que se estava fazendo pol\u00edtica com o f\u00edgado&#8221;, disse Eduardo.<br><\/p>\n\n\n\n<p>O filho do presidente tamb\u00e9m afirmou que sua indica\u00e7\u00e3o para ocupar a embaixada do Brasil em Washington \u00e9 secund\u00e1ria.<br><\/p>\n\n\n\n<p>&#8220;Todos os temas como embaixada, ou viagem para a \u00c1sia, esses s\u00e3o temas secund\u00e1rios, a gente est\u00e1 aqui para cuidar dos nossos eleitores&#8221;, afirmou. O mandato seria tamp\u00e3o. Washington est\u00e1 sem embaixador h\u00e1 meses.<br><\/p>\n\n\n\n<p>O delegado Waldir chegou a dizer publicamente que Bolsonaro estava ligando para deputados para destitui-lo do cargo.<br><\/p>\n\n\n\n<p>&#8220;O presidente est\u00e1 ligando para cada parlamentar e cobrando o voto no filho dele&#8221;, disse.<br><\/p>\n\n\n\n<p>Em conversas reservadas, Bolsonaro tem defendido a necessidade de se criar um movimento maior de apoio a ele e que eleve a press\u00e3o sobre Bivar para a realiza\u00e7\u00e3o de uma auditoria externa nas contas da legenda.<br><\/p>\n\n\n\n<p>A ideia tem sido a de usar eventuais irregularidades nos documentos como justa causa para uma desfilia\u00e7\u00e3o de deputados da sigla, o que evitaria perda de mandato.<br><\/p>\n\n\n\n<p>Como a articula\u00e7\u00e3o at\u00e9 agora criou um racha no partido que colocou em risco a pauta de vota\u00e7\u00f5es no Congresso, a ordem do presidente a aliados tem sido de que a movimenta\u00e7\u00e3o seja feita da forma mais discreta poss\u00edvel e que seja intensificada em novembro, quando ele voltar de viagem \u00e0 \u00c1sia.<\/p>\n\n\n\n<p>RAIO-X DO PSL<br>271.195 filiados (em ago.19)<br>3 governadores (SC, RO e RR), de um total de 27 estados<br>53 deputados federais, de 513; 2\u00aa maior bancada, atr\u00e1s da do PT (54)<br>3 senadores, de 81; a maior bancada, do MDB, tem 13<br>R$ 110 mi &#8211; repasses do fundo partid\u00e1rio em 2019 (estimativa)<\/p>\n","protected":false},"excerpt":{"rendered":"<p>&nbsp;O presidente Jair Bolsonaro (PSL) tratou como &#8220;desonestidade&#8221; um poss\u00edvel grampo de suas conversas com deputados do PSL.&#8220;Eu falei com meus parlamentares. Me gravaram? Deram&hellip; <\/p>\n","protected":false},"author":1,"featured_media":124188,"comment_status":"closed","ping_status":"closed","sticky":false,"template":"","format":"standard","meta":{"sfsi_plus_gutenberg_text_before_share":"","sfsi_plus_gutenberg_show_text_before_share":"","sfsi_plus_gutenberg_icon_type":"","sfsi_plus_gutenberg_icon_alignemt":"","sfsi_plus_gutenburg_max_per_row":"","footnotes":""},"categories":[11],"tags":[],"class_list":["post-127308","post","type-post","status-publish","format-standard","has-post-thumbnail","hentry","category-politica"],"_links":{"self":[{"href":"https:\/\/www.caririemacao.com\/1\/wp-json\/wp\/v2\/posts\/127308","targetHints":{"allow":["GET"]}}],"collection":[{"href":"https:\/\/www.caririemacao.com\/1\/wp-json\/wp\/v2\/posts"}],"about":[{"href":"https:\/\/www.caririemacao.com\/1\/wp-json\/wp\/v2\/types\/post"}],"author":[{"embeddable":true,"href":"https:\/\/www.caririemacao.com\/1\/wp-json\/wp\/v2\/users\/1"}],"replies":[{"embeddable":true,"href":"https:\/\/www.caririemacao.com\/1\/wp-json\/wp\/v2\/comments?post=127308"}],"version-history":[{"count":1,"href":"https:\/\/www.caririemacao.com\/1\/wp-json\/wp\/v2\/posts\/127308\/revisions"}],"predecessor-version":[{"id":127320,"href":"https:\/\/www.caririemacao.com\/1\/wp-json\/wp\/v2\/posts\/127308\/revisions\/127320"}],"wp:featuredmedia":[{"embeddable":true,"href":"https:\/\/www.caririemacao.com\/1\/wp-json\/wp\/v2\/media\/124188"}],"wp:attachment":[{"href":"https:\/\/www.caririemacao.com\/1\/wp-json\/wp\/v2\/media?parent=127308"}],"wp:term":[{"taxonomy":"category","embeddable":true,"href":"https:\/\/www.caririemacao.com\/1\/wp-json\/wp\/v2\/categories?post=127308"},{"taxonomy":"post_tag","embeddable":true,"href":"https:\/\/www.caririemacao.com\/1\/wp-json\/wp\/v2\/tags?post=127308"}],"curies":[{"name":"wp","href":"https:\/\/api.w.org\/{rel}","templated":true}]}}