{"id":127313,"date":"2019-10-17T10:41:51","date_gmt":"2019-10-17T13:41:51","guid":{"rendered":"http:\/\/www.caririemacao.com\/1\/?p=127313"},"modified":"2019-10-17T10:41:51","modified_gmt":"2019-10-17T13:41:51","slug":"brasil-tem-45-milhoes-de-empresas-com-queda-desde-2014","status":"publish","type":"post","link":"https:\/\/www.caririemacao.com\/1\/2019\/10\/17\/brasil-tem-45-milhoes-de-empresas-com-queda-desde-2014\/","title":{"rendered":"Brasil tem 4,5 milh\u00f5es de empresas com queda desde 2014"},"content":{"rendered":"\n<p>O Brasil tinha, em 2017, 4.458.678 empresas, com 38,4 milh\u00f5es de pessoas ocupadas, sendo 31,9 milh\u00f5es na condi\u00e7\u00e3o de assalariadas e 6,5 milh\u00f5es de s\u00f3cios ou propriet\u00e1rios. \u00c9 o que mostram dados divulgados hoje (17), no Rio de Janeiro, pelo Instituto Brasileiro de Geografia e Estat\u00edstica (IBGE), na pesquisa Demografia das Empresas e Empreendedorismo 2017.<\/p>\n\n\n\n<p>Segundo o estudo, a taxa de sobreviv\u00eancia das companhias, ou seja, que permaneceram abertas ap\u00f3s pelo menos um ano, ficou em 84,8%.<\/p>\n\n\n\n<figure class=\"wp-block-image\"><img decoding=\"async\" data-src=\"http:\/\/imagens.ebc.com.br\/4mn-9SPAkJl4ggXIleorVQIidzs=\/754x0\/smart\/http:\/\/agenciabrasil.ebc.com.br\/sites\/default\/files\/atoms\/image\/compras_natal_dsc_0295.jpg?itok=YmAvuXFA\" alt=\"Shopping no centro de Bras\u00edlia tem movimento intenso no \u00faltimo fim de semana antes do Natal\" src=\"data:image\/svg+xml;base64,PHN2ZyB3aWR0aD0iMSIgaGVpZ2h0PSIxIiB4bWxucz0iaHR0cDovL3d3dy53My5vcmcvMjAwMC9zdmciPjwvc3ZnPg==\" class=\"lazyload\" \/><\/figure>\n\n\n\n<p>Setores com maior entrada de empregados foram o com\u00e9rcio, repara\u00e7\u00e3o de ve\u00edculos automotores e motocicletas, com 263.861 pessoas&nbsp;&nbsp;<strong>(Arquivo\/<\/strong><strong>Valter Campanato\/Ag\u00eancia Brasil)<\/strong><\/p>\n\n\n\n<p>O levantamento considera somente as entidades empresariais, excluindo todos os \u00f3rg\u00e3os p\u00fablicos, empresas p\u00fablicas, entidades sem fins lucrativos, Microempreendedor Individual (MEI) e Organiza\u00e7\u00e3o Social (OS).<\/p>\n\n\n\n<p>Segundo a t\u00e9cnica da Coordena\u00e7\u00e3o de Cadastro e Classifica\u00e7\u00f5es do IBGE Denise Guichard Freire, os dados apontam para um menor dinamismo no mercado.<br>&nbsp;<br>\u201cNos \u00faltimos anos, se observa que as empresas t\u00eam entrado cada vez menos no mercado, isso reflete, sim, um menor dinamismo, mas tamb\u00e9m tem sa\u00eddo muita empresa, ent\u00e3o com isso tem aumentado a taxa de sobreviv\u00eancia dentro das companhias ativas\u201d, disse.<\/p>\n\n\n\n<h2 class=\"wp-block-heading\">Saldo negativo<\/h2>\n\n\n\n<p>A taxa de entrada no mercado ficou em 15,2% e a de sa\u00edda em 15,7%, gerando um saldo negativo de 22,9 mil empresas no mercado, o que representa um decr\u00e9scimo de 0,5% no n\u00famero de empresas em atividade no pa\u00eds. Denise ressalta que o movimento n\u00e3o \u00e9 uniforme no pa\u00eds todo.<br>&nbsp;<br>\u201cEm 2016, por exemplo, voc\u00ea tinha uma taxa de entrada inferior \u00e0 de sa\u00edda em todo o pa\u00eds, em todas as regi\u00f5es. Mas, em 2017 a gente observa que, nas regi\u00f5es Centro-Oeste e Norte, voc\u00ea j\u00e1 tem unidades da federa\u00e7\u00e3o em que o movimento de entrada \u00e9 superior ao de sa\u00edda. No Nordeste j\u00e1 est\u00e1 empatando. Ent\u00e3o, a gente observa que a economia ainda estava um pouco fraca em 2017, mas j\u00e1 estava come\u00e7ando a recuperar um pouco o f\u00f4lego\u201d, argumenta.<br>&nbsp;<br>Enquanto o Sul e o Sudeste registraram as maiores taxas de sobreviv\u00eancia &#8211; 86,6% e 85% -, as maiores taxas de entrada e sa\u00edda foram nas regi\u00f5es Norte (19% e 18,8%), Centro-Oeste (17,2% e 16,4%) e no Nordeste (16,9% para ambas).<\/p>\n\n\n\n<h2 class=\"wp-block-heading\">Perman\u00eancia no mercado<\/h2>\n\n\n\n<p>Menos da metade das empresas abertas no Brasil na \u00faltima d\u00e9cada sobreviveram por mais de cinco anos. A pesquisa Demografia das Empresas come\u00e7ou a ser feita em 2008 e, desde ent\u00e3o, o melhor ano em termos de nascimento de empresa que se mantiveram por mais de cinco anos foi 2008, com 47,8% das companhias abertas naquele ano permanecendo por mais tempo.<br>&nbsp;<br>Os dados mais recentes dispon\u00edveis para a avalia\u00e7\u00e3o de cinco anos, referentes a 2012, mostram que, das empresas abertas naquele ano, 39,8% sobreviveram ao quinto ano no mercado.<\/p>\n\n\n\n<p>O pior ano para abertura de empreendimentos foi 2010, com taxa de sobreviv\u00eancia no m\u00e9dio prazo de 39%.<\/p>\n\n\n\n<p>Para o curto prazo, 2013 foi o pior ano para o nascimento de empresas, com 71,9% de sobreviv\u00eancia ap\u00f3s um ano. Das empresas abertas em 2008, 81,5% sobreviveram ao primeiro ano.<\/p>\n\n\n\n<h2 class=\"wp-block-heading\">O melhor e o pior saldo<\/h2>\n\n\n\n<p>Na s\u00e9rie hist\u00f3rica, o melhor saldo foi registrado no ano de 2010, com 262.695 empresas a mais no mercado. O pior ano foi 2014, quando o saldo ficou negativo em 217.687 empresas.<\/p>\n\n\n\n<p>O n\u00famero de empresas ativas variou de 4.077.662 em 2008, chegando ao \u00e1pice de 4.775.098 em 2013, e diminuindo desde ent\u00e3o, voltando ao patamar de 2010.<\/p>\n\n\n\n<p>Apesar do saldo de companhias entrando e saindo do mercado se manter negativo desde 2014, o pessoal ocupado assalariado nessas empresas se mant\u00e9m positivo a longo dos anos, com 360 mil empregados a mais em 2017.<br>&nbsp;<br>Na an\u00e1lise por porte, 46,2% das empresas ativas em 2017 n\u00e3o tinham nenhum pessoal ocupado assalariado, contando apenas com os s\u00f3cios ou propriet\u00e1rio; 43,6% tinham de um a nove; e 10,2% tinham dez ou mais pessoas assalariadas. A m\u00e9dia dos rendimentos ficou em 2,6 sal\u00e1rios m\u00ednimos.<br>&nbsp;<br>Na distribui\u00e7\u00e3o do pessoal assalariado por tipo de empresa, os setores que mais empregam s\u00e3o o de com\u00e9rcio, repara\u00e7\u00e3o de ve\u00edculos automotores e motocicletas, com 8,8 milh\u00f5es de pessoas, seguido de ind\u00fastrias de transforma\u00e7\u00e3o, com 7,2 milh\u00f5es, e atividades administrativas e servi\u00e7os complementares, com 3,5 milh\u00f5es.<\/p>\n\n\n\n<p>O setor com a maior entrada de pessoal assalariado tamb\u00e9m foi o com\u00e9rcio, repara\u00e7\u00e3o de ve\u00edculos automotores e motocicletas, com 263.861 pessoas, assim como a maior sa\u00edda, de 138.522, e tamb\u00e9m o maior saldo, com 125.339 pessoas assalariadas no setor em 2017.<\/p>\n","protected":false},"excerpt":{"rendered":"<p>O Brasil tinha, em 2017, 4.458.678 empresas, com 38,4 milh\u00f5es de pessoas ocupadas, sendo 31,9 milh\u00f5es na condi\u00e7\u00e3o de assalariadas e 6,5 milh\u00f5es de s\u00f3cios&hellip; <\/p>\n","protected":false},"author":1,"featured_media":127314,"comment_status":"closed","ping_status":"closed","sticky":false,"template":"","format":"standard","meta":{"sfsi_plus_gutenberg_text_before_share":"","sfsi_plus_gutenberg_show_text_before_share":"","sfsi_plus_gutenberg_icon_type":"","sfsi_plus_gutenberg_icon_alignemt":"","sfsi_plus_gutenburg_max_per_row":"","footnotes":""},"categories":[2],"tags":[],"class_list":["post-127313","post","type-post","status-publish","format-standard","has-post-thumbnail","hentry","category-geral"],"_links":{"self":[{"href":"https:\/\/www.caririemacao.com\/1\/wp-json\/wp\/v2\/posts\/127313","targetHints":{"allow":["GET"]}}],"collection":[{"href":"https:\/\/www.caririemacao.com\/1\/wp-json\/wp\/v2\/posts"}],"about":[{"href":"https:\/\/www.caririemacao.com\/1\/wp-json\/wp\/v2\/types\/post"}],"author":[{"embeddable":true,"href":"https:\/\/www.caririemacao.com\/1\/wp-json\/wp\/v2\/users\/1"}],"replies":[{"embeddable":true,"href":"https:\/\/www.caririemacao.com\/1\/wp-json\/wp\/v2\/comments?post=127313"}],"version-history":[{"count":1,"href":"https:\/\/www.caririemacao.com\/1\/wp-json\/wp\/v2\/posts\/127313\/revisions"}],"predecessor-version":[{"id":127315,"href":"https:\/\/www.caririemacao.com\/1\/wp-json\/wp\/v2\/posts\/127313\/revisions\/127315"}],"wp:featuredmedia":[{"embeddable":true,"href":"https:\/\/www.caririemacao.com\/1\/wp-json\/wp\/v2\/media\/127314"}],"wp:attachment":[{"href":"https:\/\/www.caririemacao.com\/1\/wp-json\/wp\/v2\/media?parent=127313"}],"wp:term":[{"taxonomy":"category","embeddable":true,"href":"https:\/\/www.caririemacao.com\/1\/wp-json\/wp\/v2\/categories?post=127313"},{"taxonomy":"post_tag","embeddable":true,"href":"https:\/\/www.caririemacao.com\/1\/wp-json\/wp\/v2\/tags?post=127313"}],"curies":[{"name":"wp","href":"https:\/\/api.w.org\/{rel}","templated":true}]}}