{"id":127317,"date":"2019-10-17T10:46:52","date_gmt":"2019-10-17T13:46:52","guid":{"rendered":"http:\/\/www.caririemacao.com\/1\/?p=127317"},"modified":"2019-10-17T10:46:52","modified_gmt":"2019-10-17T13:46:52","slug":"jair-nao-levou-mais-facada-do-que-eu-desdenha-deputado-julian-lemos-ouca-revelacoes","status":"publish","type":"post","link":"https:\/\/www.caririemacao.com\/1\/2019\/10\/17\/jair-nao-levou-mais-facada-do-que-eu-desdenha-deputado-julian-lemos-ouca-revelacoes\/","title":{"rendered":"\u201cJair n\u00e3o levou mais facada do que eu\u201d, desdenha deputado Julian Lemos; ou\u00e7a revela\u00e7\u00f5es"},"content":{"rendered":"\n<figure class=\"wp-block-image\"><img decoding=\"async\" data-src=\"http:\/\/paraibadebate.com.br\/wp-content\/uploads\/2019\/10\/julian-lemos-bolsonaro.jpg\" alt=\"\" src=\"data:image\/svg+xml;base64,PHN2ZyB3aWR0aD0iMSIgaGVpZ2h0PSIxIiB4bWxucz0iaHR0cDovL3d3dy53My5vcmcvMjAwMC9zdmciPjwvc3ZnPg==\" class=\"lazyload\" \/><\/figure>\n\n\n\n<p>Bolsonaro e Julian \u2013 Foto: divulga\u00e7\u00e3o<\/p>\n\n\n\n<p>A contenda no Partido Social Liberal (PSL) s\u00f3 aumenta. Desta vez, o deputado federal paraibano Julian Lemos fala mal do presidente da Rep\u00fablica, Jair Bolsonaro. Em \u00e1udio gravado em agosto deste ano, o deputado discute seu convite feito ao deputado Rodrigo Valadares para se filiar ao PSL de Aracaju (SE). Dentre v\u00e1rios assuntos abordados na conversa, Julian diz n\u00e3o acreditar mais na onda bolsonarista e afirma: \u201cJair n\u00e3o levou mais facada do que eu\u201d, se referindo \u00e0s trai\u00e7\u00f5es.<\/p>\n\n\n\n<p>\u201cUma coisa \u00e9 campanha, outra coisa \u00e9 milit\u00e2ncia\u201d, afirma. Julian diz n\u00e3o acreditar mais na onda bolsonarista, que marcou a elei\u00e7\u00e3o em 2018 elegendo o presidente da rep\u00fablica e uma bancada de 52 deputados federais, al\u00e9m de senadores, deputados estaduais e governadores. Ele afirma que existe um movimento conservador maior que Bolsonaro e reconhece a dificuldade dele em governar o Pa\u00eds.<\/p>\n\n\n\n<p>\u201cHoje o PSL acredita que essa onda de Bolsonaro n\u00e3o existe mais, n\u00e3o existe mais nunca. Pode existir uma organiza\u00e7\u00e3o partid\u00e1ria. Os conservadores come\u00e7am a brotar, teve um conjunto de situa\u00e7\u00f5es que elegeu o presidente\u201d, disse. Ele ainda ressalta a for\u00e7a que o Congresso tem exercido e reconhece a fragilidade por que passa a imagem do presidente. Julian chegou a afirmar que Bolsonaro n\u00e3o agrava ainda mais a situa\u00e7\u00e3o porque \u201co opositor \u00e9 muito sujo\u201d.<\/p>\n\n\n\n<p>\u201cO parlamento tem uma for\u00e7a brutal, que algema o presidente da Rep\u00fablica. S\u00f3 que ele tem um apelo popular muito grande, principalmente porque o principal opositor dele \u00e9 muito sujo, que \u00e9 a esquerda brasileira. Porque se fosse mediana, a\u00ed a situa\u00e7\u00e3o dele j\u00e1 tava (sic) dif\u00edcil\u201d, declarou.<\/p>\n\n\n\n<p><strong>Entenda o cado de Sergipe \u2013<\/strong>&nbsp;A conversa gravada foi entre Julian e Jo\u00e3o Tarantella. Rodrigo Valadares seria candidato a prefeito da Capital sergipana em detrimento da candidatura de Jo\u00e3o Tarantella, ex-candidato a governador e um dos l\u00edderes do movimento de direita na cidade. Jo\u00e3o reivindica a indica\u00e7\u00e3o e questiona o deputado paraibano e vice-presidente nacional do partido acerca da situa\u00e7\u00e3o.<\/p>\n\n\n\n<p>A conversa, de certa forma, revela o modo como as candidaturas do PSL visando o pleito de 2020 t\u00eam sido constru\u00eddas. Julian Lemos, assim como na Para\u00edba, tem costurado conjunturas, impondo nomes, ao que parece, sem levar em considera\u00e7\u00e3o o contexto local e sem ouvir as bases militantes.<\/p>\n\n\n\n<p>H\u00e1 uma discuss\u00e3o nos \u00e1udios pelo fato de Julian afirmar que a candidatura de Jo\u00e3o Tarantela est\u00e1 abortada por causa da miss\u00e3o que ser\u00e1 dada ao deputado Rodrigo Valadares, egresso do PTB, segundo ele. Rodrigo presidir\u00e1 a legenda por ter mandato e habilidade pol\u00edtica, segundo Julian.<\/p>\n\n\n\n<p>\u201cMas Rodrigo, aquele que gritou Lula livre na elei\u00e7\u00e3o passada?\u201d, indagada Tarantella. \u201cTu sabe quem resolveu o problema da Previd\u00eancia?\u201d, rebate Julian. Com esse questionamento, Tarantella promete revide. \u201cVamos reagir at\u00e9 o \u00faltimo segundo. Outra coisa, n\u00e3o saio do PSL porque \u00e9 um projeto que eu ajudei a construir. Eu vou brigar, n\u00e3o vou assistir de camarote um marginalzinho que chamava Bolsonaro de louco e de irrespons\u00e1vel\u201d, disse, elevando o tom. \u201cArroche o n\u00f3! Eu vim aqui para cumprir a miss\u00e3o do partido e n\u00e3o fazer ningu\u00e9m mudar de ideia\u201d, diz Julian.<\/p>\n\n\n\n<p><strong>Trai\u00e7\u00f5es \u2013&nbsp;<\/strong>Para dizer que j\u00e1 sofreu trai\u00e7\u00f5es, Julian Lemos faz men\u00e7\u00e3o \u00e0 facada que Bolsonaro levou em Juiz de Fora (MG), desferida por Ad\u00e9lio Bispo, em setembro de 2018, que o tirou da campanha de rua e dos debates nos ve\u00edculos de comunica\u00e7\u00e3o. \u201cJair n\u00e3o levou mais facada do que eu. Jair levou uma, eu levei umas cinquenta e estou bem e tirando o cabelo da testa\u201d, ironiza Julian.<\/p>\n\n\n\n<p>O deputado ainda explica a \u201conda bolsonarista\u201d. \u201cAquela onda Bolsonaro s\u00f3 existiu por v\u00e1rios fatores. Desde a facada ao anti-PT, o discurso do \u2018bandido bom \u00e9 bandido morto\u2019 tem limite\u201d, pontuou o deputado. Julian tamb\u00e9m menciona o fundo partid\u00e1rio, e afirma, questionado pelos interlocutores, se Bolsonaro vetaria o seu aumento.<\/p>\n\n\n\n<p>O deputado paraibano afirma ainda que, quem manda, \u00e9 o Congresso e que quem for contra o fundo, ficar\u00e1 de fora. Julian destaca a for\u00e7a que o partido, antes um mero nanico, adquiriu com o resultado da elei\u00e7\u00e3o. \u201cO PSL se tornou uma m\u00e1quina milion\u00e1ria\u201d, disparou.<\/p>\n","protected":false},"excerpt":{"rendered":"<p>Bolsonaro e Julian \u2013 Foto: divulga\u00e7\u00e3o A contenda no Partido Social Liberal (PSL) s\u00f3 aumenta. Desta vez, o deputado federal paraibano Julian Lemos fala mal&hellip; <\/p>\n","protected":false},"author":1,"featured_media":127318,"comment_status":"closed","ping_status":"closed","sticky":false,"template":"","format":"standard","meta":{"sfsi_plus_gutenberg_text_before_share":"","sfsi_plus_gutenberg_show_text_before_share":"","sfsi_plus_gutenberg_icon_type":"","sfsi_plus_gutenberg_icon_alignemt":"","sfsi_plus_gutenburg_max_per_row":"","footnotes":""},"categories":[11],"tags":[],"class_list":["post-127317","post","type-post","status-publish","format-standard","has-post-thumbnail","hentry","category-politica"],"_links":{"self":[{"href":"https:\/\/www.caririemacao.com\/1\/wp-json\/wp\/v2\/posts\/127317","targetHints":{"allow":["GET"]}}],"collection":[{"href":"https:\/\/www.caririemacao.com\/1\/wp-json\/wp\/v2\/posts"}],"about":[{"href":"https:\/\/www.caririemacao.com\/1\/wp-json\/wp\/v2\/types\/post"}],"author":[{"embeddable":true,"href":"https:\/\/www.caririemacao.com\/1\/wp-json\/wp\/v2\/users\/1"}],"replies":[{"embeddable":true,"href":"https:\/\/www.caririemacao.com\/1\/wp-json\/wp\/v2\/comments?post=127317"}],"version-history":[{"count":1,"href":"https:\/\/www.caririemacao.com\/1\/wp-json\/wp\/v2\/posts\/127317\/revisions"}],"predecessor-version":[{"id":127319,"href":"https:\/\/www.caririemacao.com\/1\/wp-json\/wp\/v2\/posts\/127317\/revisions\/127319"}],"wp:featuredmedia":[{"embeddable":true,"href":"https:\/\/www.caririemacao.com\/1\/wp-json\/wp\/v2\/media\/127318"}],"wp:attachment":[{"href":"https:\/\/www.caririemacao.com\/1\/wp-json\/wp\/v2\/media?parent=127317"}],"wp:term":[{"taxonomy":"category","embeddable":true,"href":"https:\/\/www.caririemacao.com\/1\/wp-json\/wp\/v2\/categories?post=127317"},{"taxonomy":"post_tag","embeddable":true,"href":"https:\/\/www.caririemacao.com\/1\/wp-json\/wp\/v2\/tags?post=127317"}],"curies":[{"name":"wp","href":"https:\/\/api.w.org\/{rel}","templated":true}]}}