{"id":127327,"date":"2019-10-17T14:27:21","date_gmt":"2019-10-17T17:27:21","guid":{"rendered":"http:\/\/www.caririemacao.com\/1\/?p=127327"},"modified":"2019-10-17T14:27:21","modified_gmt":"2019-10-17T17:27:21","slug":"policia-prende-mais-um-fugitivo-da-cadeia-de-sume-acusado-de-estupro-de-vulneravel","status":"publish","type":"post","link":"https:\/\/www.caririemacao.com\/1\/2019\/10\/17\/policia-prende-mais-um-fugitivo-da-cadeia-de-sume-acusado-de-estupro-de-vulneravel\/","title":{"rendered":"Pol\u00edcia prende mais um fugitivo da Cadeia de Sum\u00e9, acusado de estupro de vulner\u00e1vel"},"content":{"rendered":"\n<p>Atrav\u00e9s de informa\u00e7\u00e3o via COPOM\/11\u00ba BPM, as guarni\u00e7\u00f5es da Pol\u00edcia Militar e da ROTAM foram informadas que Jos\u00e9 Ivanildo da Silva Evangelista, vulgo &#8220;Mata rindo&#8221;, foragido da Cadeia P\u00fablica de Sum\u00e9, estava escondido na Rua Elisa de Albuquerque de Freitas n\u00ba 18, pr\u00f3ximo ao a\u00e7ude da rua na cidade de Monteiro-PB. <\/p>\n\n\n\n<p>A Pol\u00edcia Militar fez o cerco na resid\u00eancia informada, e ao\nchamar na porta, os PMs foram atendidos pela menor B.K.A de L, que ao ser\nindagada pela presen\u00e7a do imputado naquela casa disse que estava sozinha e\nautorizou a entrada no im\u00f3vel, onde foi localizado o foragido, por tr\u00e1s da\nporta do banheiro, o qual recebeu voz de pris\u00e3o.<\/p>\n\n\n\n<p>A menor que estava na casa informou que tinha 13 anos de\nidade, e que estava suspeitando de estar gravida de \u201cmata rindo\u201d, pois estava\nnamorando com ele, e que sua genitora tinha conhecimento de seu relacionamento\ncom o fugitivo da cadeia de Sum\u00e9.<\/p>\n\n\n\n<p>A pol\u00edcia conduziu todos os envolvidos a Delegacia de\nPol\u00edcia para as devidas provid\u00eancias, acompanhados do Conselho Tutelar e da m\u00e3e\nda menor. <\/p>\n","protected":false},"excerpt":{"rendered":"<p>Atrav\u00e9s de informa\u00e7\u00e3o via COPOM\/11\u00ba BPM, as guarni\u00e7\u00f5es da Pol\u00edcia Militar e da ROTAM foram informadas que Jos\u00e9 Ivanildo da Silva Evangelista, vulgo &#8220;Mata rindo&#8221;,&hellip; <\/p>\n","protected":false},"author":2,"featured_media":127328,"comment_status":"closed","ping_status":"closed","sticky":false,"template":"","format":"standard","meta":{"sfsi_plus_gutenberg_text_before_share":"","sfsi_plus_gutenberg_show_text_before_share":"","sfsi_plus_gutenberg_icon_type":"","sfsi_plus_gutenberg_icon_alignemt":"","sfsi_plus_gutenburg_max_per_row":"","footnotes":""},"categories":[50,12],"tags":[],"class_list":["post-127327","post","type-post","status-publish","format-standard","has-post-thumbnail","hentry","category-destaque","category-policia"],"_links":{"self":[{"href":"https:\/\/www.caririemacao.com\/1\/wp-json\/wp\/v2\/posts\/127327","targetHints":{"allow":["GET"]}}],"collection":[{"href":"https:\/\/www.caririemacao.com\/1\/wp-json\/wp\/v2\/posts"}],"about":[{"href":"https:\/\/www.caririemacao.com\/1\/wp-json\/wp\/v2\/types\/post"}],"author":[{"embeddable":true,"href":"https:\/\/www.caririemacao.com\/1\/wp-json\/wp\/v2\/users\/2"}],"replies":[{"embeddable":true,"href":"https:\/\/www.caririemacao.com\/1\/wp-json\/wp\/v2\/comments?post=127327"}],"version-history":[{"count":1,"href":"https:\/\/www.caririemacao.com\/1\/wp-json\/wp\/v2\/posts\/127327\/revisions"}],"predecessor-version":[{"id":127329,"href":"https:\/\/www.caririemacao.com\/1\/wp-json\/wp\/v2\/posts\/127327\/revisions\/127329"}],"wp:featuredmedia":[{"embeddable":true,"href":"https:\/\/www.caririemacao.com\/1\/wp-json\/wp\/v2\/media\/127328"}],"wp:attachment":[{"href":"https:\/\/www.caririemacao.com\/1\/wp-json\/wp\/v2\/media?parent=127327"}],"wp:term":[{"taxonomy":"category","embeddable":true,"href":"https:\/\/www.caririemacao.com\/1\/wp-json\/wp\/v2\/categories?post=127327"},{"taxonomy":"post_tag","embeddable":true,"href":"https:\/\/www.caririemacao.com\/1\/wp-json\/wp\/v2\/tags?post=127327"}],"curies":[{"name":"wp","href":"https:\/\/api.w.org\/{rel}","templated":true}]}}