{"id":127330,"date":"2019-10-17T14:32:10","date_gmt":"2019-10-17T17:32:10","guid":{"rendered":"http:\/\/www.caririemacao.com\/1\/?p=127330"},"modified":"2019-10-17T14:32:10","modified_gmt":"2019-10-17T17:32:10","slug":"operacao-crianca-feliz-diversos-meninos-e-meninas-carentes-sao-atendidos-em-acao-social-da-pm-no-cariri","status":"publish","type":"post","link":"https:\/\/www.caririemacao.com\/1\/2019\/10\/17\/operacao-crianca-feliz-diversos-meninos-e-meninas-carentes-sao-atendidos-em-acao-social-da-pm-no-cariri\/","title":{"rendered":"OPERA\u00c7\u00c3O CRIAN\u00c7A FELIZ: Diversos meninos e meninas carentes s\u00e3o atendidos em a\u00e7\u00e3o social da PM no Cariri"},"content":{"rendered":"\n<p>As comemora\u00e7\u00f5es do Dia das Crian\u00e7as na \u00e1rea que abrange o 11\u00ba BPM, tiveram um brilho especial nesta quarta-feira (17). A Pol\u00edcia Militar, atrav\u00e9s do CCSv, CPE, 1\u00aa, 2\u00aa e 3\u00aa Companhias do 11\u00ba Batalh\u00e3o, e com a colabora\u00e7\u00e3o de parceiros locais, realizou a entrega de diversos brinquedos.<\/p>\n\n\n\n<figure class=\"wp-block-image\"><img fetchpriority=\"high\" decoding=\"async\" width=\"1024\" height=\"768\" src=\"http:\/\/www.caririemacao.com\/1\/wp-content\/uploads\/2019\/10\/WhatsApp-Image-2019-10-17-at-13.28.41-1024x768.jpeg\" alt=\"\" class=\"wp-image-127334\" srcset=\"https:\/\/www.caririemacao.com\/1\/wp-content\/uploads\/2019\/10\/WhatsApp-Image-2019-10-17-at-13.28.41-1024x768.jpeg 1024w, https:\/\/www.caririemacao.com\/1\/wp-content\/uploads\/2019\/10\/WhatsApp-Image-2019-10-17-at-13.28.41-300x225.jpeg 300w, https:\/\/www.caririemacao.com\/1\/wp-content\/uploads\/2019\/10\/WhatsApp-Image-2019-10-17-at-13.28.41-768x576.jpeg 768w, https:\/\/www.caririemacao.com\/1\/wp-content\/uploads\/2019\/10\/WhatsApp-Image-2019-10-17-at-13.28.41.jpeg 1280w\" sizes=\"(max-width: 1024px) 100vw, 1024px\" \/><\/figure>\n\n\n\n<p>Os brinquedos e guloseimas foram doados pelos pr\u00f3prios militares estaduais e tamb\u00e9m arrecadados nos quart\u00e9is e unidades da PM, junto \u00e0 popula\u00e7\u00e3o, em uma campanha que come\u00e7ou no \u00faltimo dia 01 de outubro. A festa para a garotada aconteceu nas comunidades carentes das cidades de Monteiro (Vila da Papa), Sum\u00e9 (Vila Z\u00e9 D\u00e1rio) e Serra Branca, com a entrega dos presentes que foram arrecadados.<\/p>\n\n\n\n<figure class=\"wp-block-image\"><img decoding=\"async\" width=\"1024\" height=\"576\" data-src=\"http:\/\/www.caririemacao.com\/1\/wp-content\/uploads\/2019\/10\/WhatsApp-Image-2019-10-17-at-13.28.43-1-1024x576.jpeg\" alt=\"\" class=\"wp-image-127331 lazyload\" data-srcset=\"https:\/\/www.caririemacao.com\/1\/wp-content\/uploads\/2019\/10\/WhatsApp-Image-2019-10-17-at-13.28.43-1-1024x576.jpeg 1024w, https:\/\/www.caririemacao.com\/1\/wp-content\/uploads\/2019\/10\/WhatsApp-Image-2019-10-17-at-13.28.43-1-300x169.jpeg 300w, https:\/\/www.caririemacao.com\/1\/wp-content\/uploads\/2019\/10\/WhatsApp-Image-2019-10-17-at-13.28.43-1-768x432.jpeg 768w, https:\/\/www.caririemacao.com\/1\/wp-content\/uploads\/2019\/10\/WhatsApp-Image-2019-10-17-at-13.28.43-1.jpeg 1032w\" data-sizes=\"(max-width: 1024px) 100vw, 1024px\" src=\"data:image\/svg+xml;base64,PHN2ZyB3aWR0aD0iMSIgaGVpZ2h0PSIxIiB4bWxucz0iaHR0cDovL3d3dy53My5vcmcvMjAwMC9zdmciPjwvc3ZnPg==\" style=\"--smush-placeholder-width: 1024px; --smush-placeholder-aspect-ratio: 1024\/576;\" \/><\/figure>\n\n\n\n<p>O comandante do 11\u00ba BPM, Major PM Samaroni, agradece a todos que participaram da campanha e enfatiza que essas atividades, que s\u00e3o organizadas e realizadas de acordo com as diretrizes emanadas pelo Comando Geral, juntamente com os policiais\u00a0 e colaboradores, que foram realizadas simultaneamente em v\u00e1rias \u00e1reas da 14\u00aa \u00c1rea Integrada de Seguran\u00e7a p\u00fablica (14\u00aa AISP), visam proporcionar alegria as crian\u00e7as que moram em zonas de risco, e aproxima as comunidades carentes junto ao trabalho da pol\u00edcia.<\/p>\n\n\n\n<figure class=\"wp-block-image\"><img decoding=\"async\" width=\"1024\" height=\"576\" data-src=\"http:\/\/www.caririemacao.com\/1\/wp-content\/uploads\/2019\/10\/WhatsApp-Image-2019-10-17-at-13.28.43-1024x576.jpeg\" alt=\"\" class=\"wp-image-127332 lazyload\" data-srcset=\"https:\/\/www.caririemacao.com\/1\/wp-content\/uploads\/2019\/10\/WhatsApp-Image-2019-10-17-at-13.28.43-1024x576.jpeg 1024w, https:\/\/www.caririemacao.com\/1\/wp-content\/uploads\/2019\/10\/WhatsApp-Image-2019-10-17-at-13.28.43-300x169.jpeg 300w, https:\/\/www.caririemacao.com\/1\/wp-content\/uploads\/2019\/10\/WhatsApp-Image-2019-10-17-at-13.28.43-768x432.jpeg 768w, https:\/\/www.caririemacao.com\/1\/wp-content\/uploads\/2019\/10\/WhatsApp-Image-2019-10-17-at-13.28.43.jpeg 1280w\" data-sizes=\"(max-width: 1024px) 100vw, 1024px\" src=\"data:image\/svg+xml;base64,PHN2ZyB3aWR0aD0iMSIgaGVpZ2h0PSIxIiB4bWxucz0iaHR0cDovL3d3dy53My5vcmcvMjAwMC9zdmciPjwvc3ZnPg==\" style=\"--smush-placeholder-width: 1024px; --smush-placeholder-aspect-ratio: 1024\/576;\" \/><\/figure>\n","protected":false},"excerpt":{"rendered":"<p>As comemora\u00e7\u00f5es do Dia das Crian\u00e7as na \u00e1rea que abrange o 11\u00ba BPM, tiveram um brilho especial nesta quarta-feira (17). A Pol\u00edcia Militar, atrav\u00e9s do&hellip; <\/p>\n","protected":false},"author":2,"featured_media":127333,"comment_status":"closed","ping_status":"closed","sticky":false,"template":"","format":"standard","meta":{"sfsi_plus_gutenberg_text_before_share":"","sfsi_plus_gutenberg_show_text_before_share":"","sfsi_plus_gutenberg_icon_type":"","sfsi_plus_gutenberg_icon_alignemt":"","sfsi_plus_gutenburg_max_per_row":"","footnotes":""},"categories":[50,2],"tags":[],"class_list":["post-127330","post","type-post","status-publish","format-standard","has-post-thumbnail","hentry","category-destaque","category-geral"],"_links":{"self":[{"href":"https:\/\/www.caririemacao.com\/1\/wp-json\/wp\/v2\/posts\/127330","targetHints":{"allow":["GET"]}}],"collection":[{"href":"https:\/\/www.caririemacao.com\/1\/wp-json\/wp\/v2\/posts"}],"about":[{"href":"https:\/\/www.caririemacao.com\/1\/wp-json\/wp\/v2\/types\/post"}],"author":[{"embeddable":true,"href":"https:\/\/www.caririemacao.com\/1\/wp-json\/wp\/v2\/users\/2"}],"replies":[{"embeddable":true,"href":"https:\/\/www.caririemacao.com\/1\/wp-json\/wp\/v2\/comments?post=127330"}],"version-history":[{"count":1,"href":"https:\/\/www.caririemacao.com\/1\/wp-json\/wp\/v2\/posts\/127330\/revisions"}],"predecessor-version":[{"id":127335,"href":"https:\/\/www.caririemacao.com\/1\/wp-json\/wp\/v2\/posts\/127330\/revisions\/127335"}],"wp:featuredmedia":[{"embeddable":true,"href":"https:\/\/www.caririemacao.com\/1\/wp-json\/wp\/v2\/media\/127333"}],"wp:attachment":[{"href":"https:\/\/www.caririemacao.com\/1\/wp-json\/wp\/v2\/media?parent=127330"}],"wp:term":[{"taxonomy":"category","embeddable":true,"href":"https:\/\/www.caririemacao.com\/1\/wp-json\/wp\/v2\/categories?post=127330"},{"taxonomy":"post_tag","embeddable":true,"href":"https:\/\/www.caririemacao.com\/1\/wp-json\/wp\/v2\/tags?post=127330"}],"curies":[{"name":"wp","href":"https:\/\/api.w.org\/{rel}","templated":true}]}}