{"id":127341,"date":"2019-10-17T16:00:51","date_gmt":"2019-10-17T19:00:51","guid":{"rendered":"http:\/\/www.caririemacao.com\/1\/?p=127341"},"modified":"2019-10-17T16:00:51","modified_gmt":"2019-10-17T19:00:51","slug":"cantora-paraibana-anima-reality-show-da-record-e-leva-quase-100-jurados-a-dancar-forro-do-xenhenhem","status":"publish","type":"post","link":"https:\/\/www.caririemacao.com\/1\/2019\/10\/17\/cantora-paraibana-anima-reality-show-da-record-e-leva-quase-100-jurados-a-dancar-forro-do-xenhenhem\/","title":{"rendered":"Cantora paraibana anima reality show da Record e leva quase 100 jurados a dan\u00e7ar &#8216;Forr\u00f3 do Xenhenh\u00e9m&#8217;"},"content":{"rendered":"\n<p>A cantora campinense, Anna Barros, 44 anos, que fez carreira na m\u00fasica quando era vocalista da Banda Afrodite, levou o p\u00fablico e os jurados do reality show da Record&nbsp;&#8216;Canta Comigo&#8217; ao del\u00edrio. Ela colocou para dan\u00e7ar cerca de 92 jurados do total de 100, que se contagiaram com o som da m\u00fasica &#8220;Forr\u00f3 do Xenhenh\u00e9m&#8221;, do compositor paraibano Ant\u00f4nio de Barros, sucesso na voz de Elba Ramalho. O programa est\u00e1 na sua segunda temporada e exibiu a apresenta\u00e7\u00e3o da paraibana na noite desta quarta-feira (17). Anna comemorou a performance que animou a todos.&nbsp;<\/p>\n\n\n\n<p>Apenas oito jurados n\u00e3o se levantaram, o que fez a cantora ter uma pontua\u00e7\u00e3o de 925. Com a terceira colocada do epis\u00f3dio tinha 93, Anna n\u00e3o conseguiu se classificar para o duelo.<\/p>\n\n\n\n<p>A cantora contou que, por conta de problemas de sa\u00fade chegou a perder a voz mas conseguiu se recuperar. Ela chegou a declarar para Gugu que &#8220;voltou a viver e que devia isso ao programa. Reveja a apresenta\u00e7\u00e3o de Anna no reality.<\/p>\n\n\n\n<figure class=\"wp-block-image\"><img decoding=\"async\" data-src=\"https:\/\/www.clickpb.com.br\/media\/filer_public\/4f\/bb\/4fbba15d-c1b3-4a4a-ad1e-978a21ffc509\/anna-barros-canta-comigo-02.webp\" alt=\"\" src=\"data:image\/svg+xml;base64,PHN2ZyB3aWR0aD0iMSIgaGVpZ2h0PSIxIiB4bWxucz0iaHR0cDovL3d3dy53My5vcmcvMjAwMC9zdmciPjwvc3ZnPg==\" class=\"lazyload\" \/><\/figure>\n\n\n\n<figure class=\"wp-block-image\"><img decoding=\"async\" data-src=\"https:\/\/www.clickpb.com.br\/media\/filer_public\/27\/c3\/27c38bda-f01d-4341-9540-4d935fb34adf\/anna-barros-canta-comigo-01.webp\" alt=\"\" src=\"data:image\/svg+xml;base64,PHN2ZyB3aWR0aD0iMSIgaGVpZ2h0PSIxIiB4bWxucz0iaHR0cDovL3d3dy53My5vcmcvMjAwMC9zdmciPjwvc3ZnPg==\" class=\"lazyload\" \/><\/figure>\n\n\n\n<p><\/p>\n\n\n\n<p><\/p>\n\n\n\n<p>Confira o show que a artista deu durante a apresenta\u00e7\u00e3o:<\/p>\n\n\n\n<figure><iframe data-src=\"https:\/\/www.youtube.com\/embed\/MMXgcUDxZW8\" allowfullscreen=\"\" src=\"data:image\/svg+xml;base64,PHN2ZyB3aWR0aD0iMSIgaGVpZ2h0PSIxIiB4bWxucz0iaHR0cDovL3d3dy53My5vcmcvMjAwMC9zdmciPjwvc3ZnPg==\" class=\"lazyload\" data-load-mode=\"1\"><\/iframe><\/figure>\n","protected":false},"excerpt":{"rendered":"<p>A cantora campinense, Anna Barros, 44 anos, que fez carreira na m\u00fasica quando era vocalista da Banda Afrodite, levou o p\u00fablico e os jurados do&hellip; <\/p>\n","protected":false},"author":1,"featured_media":127342,"comment_status":"closed","ping_status":"closed","sticky":false,"template":"","format":"standard","meta":{"sfsi_plus_gutenberg_text_before_share":"","sfsi_plus_gutenberg_show_text_before_share":"","sfsi_plus_gutenberg_icon_type":"","sfsi_plus_gutenberg_icon_alignemt":"","sfsi_plus_gutenburg_max_per_row":"","footnotes":""},"categories":[2],"tags":[],"class_list":["post-127341","post","type-post","status-publish","format-standard","has-post-thumbnail","hentry","category-geral"],"_links":{"self":[{"href":"https:\/\/www.caririemacao.com\/1\/wp-json\/wp\/v2\/posts\/127341","targetHints":{"allow":["GET"]}}],"collection":[{"href":"https:\/\/www.caririemacao.com\/1\/wp-json\/wp\/v2\/posts"}],"about":[{"href":"https:\/\/www.caririemacao.com\/1\/wp-json\/wp\/v2\/types\/post"}],"author":[{"embeddable":true,"href":"https:\/\/www.caririemacao.com\/1\/wp-json\/wp\/v2\/users\/1"}],"replies":[{"embeddable":true,"href":"https:\/\/www.caririemacao.com\/1\/wp-json\/wp\/v2\/comments?post=127341"}],"version-history":[{"count":1,"href":"https:\/\/www.caririemacao.com\/1\/wp-json\/wp\/v2\/posts\/127341\/revisions"}],"predecessor-version":[{"id":127343,"href":"https:\/\/www.caririemacao.com\/1\/wp-json\/wp\/v2\/posts\/127341\/revisions\/127343"}],"wp:featuredmedia":[{"embeddable":true,"href":"https:\/\/www.caririemacao.com\/1\/wp-json\/wp\/v2\/media\/127342"}],"wp:attachment":[{"href":"https:\/\/www.caririemacao.com\/1\/wp-json\/wp\/v2\/media?parent=127341"}],"wp:term":[{"taxonomy":"category","embeddable":true,"href":"https:\/\/www.caririemacao.com\/1\/wp-json\/wp\/v2\/categories?post=127341"},{"taxonomy":"post_tag","embeddable":true,"href":"https:\/\/www.caririemacao.com\/1\/wp-json\/wp\/v2\/tags?post=127341"}],"curies":[{"name":"wp","href":"https:\/\/api.w.org\/{rel}","templated":true}]}}