{"id":127345,"date":"2019-10-17T16:09:54","date_gmt":"2019-10-17T19:09:54","guid":{"rendered":"http:\/\/www.caririemacao.com\/1\/?p=127345"},"modified":"2019-10-17T16:09:54","modified_gmt":"2019-10-17T19:09:54","slug":"monteiro-recebe-9a-edicao-da-mostra-de-teatro-e-danca-a-partir-desta-quinta-feira","status":"publish","type":"post","link":"https:\/\/www.caririemacao.com\/1\/2019\/10\/17\/monteiro-recebe-9a-edicao-da-mostra-de-teatro-e-danca-a-partir-desta-quinta-feira\/","title":{"rendered":"Monteiro recebe 9\u00aa edi\u00e7\u00e3o da Mostra de Teatro e Dan\u00e7a a partir desta quinta-feira"},"content":{"rendered":"\n<p>A Secretaria Municipal de Cultura e Turismo de Monteiro definiu esta semana a programa\u00e7\u00e3o que comp\u00f5e a IX Mostra de Teatro e Dan\u00e7a do Cariri \u201cRaniel Quintans\u201d que acontece de 18 a 26 de outubro.<\/p>\n\n\n\n<p>O evento conta com oficinas, espet\u00e1culos de dan\u00e7a, teatro, al\u00e9m de shows musicais com a inser\u00e7\u00e3o do Circuito Som nas Pedras. S\u00e3o esperados grupos da Universidade Estadual da Para\u00edba e companhias dos munic\u00edpios de Coxixola e Jo\u00e3o Pessoa. Ao todo estar\u00e3o se apresentando mais de 25 atra\u00e7\u00f5es em 09 dias de Mostra.<\/p>\n\n\n\n<p>Os espet\u00e1culos tem in\u00edcio com a abertura oficial no dia 18 com a apresenta\u00e7\u00e3o do Espet\u00e1culo Cara &amp; Coroa do Grupo de Teatro da UEPB. No dia 19 acontece o Circuito Som nas Pedras na comunidade de Santa Catarina na Laje das Mo\u00e7as, come\u00e7ando \u00e0s 18 horas, onde o Grupo Black Art, o Projeto Prima, a Orquestra Sanf\u00f4nica da UEPB Campus Pinto do Monteiro, o Grupo de Mazurca e Bibi Sax, estar\u00e3o ao lado de Sandra Bel\u00ea em um cen\u00e1rio de tirar o f\u00f4lego. Para melhor comodidade dos amantes da cultura popular, a prefeitura est\u00e1 disponibilizando gratuitamente um \u00f4nibus que sair\u00e1 da Pra\u00e7a Jo\u00e3o Pessoa \u00e0s 17 horas.<\/p>\n\n\n\n<p>Na segunda-feira, 21, apresentam-se o grupo de dan\u00e7a Princesa do Cariri, a bailarina Cl\u00e1udia com o espet\u00e1culo Batimentos e Belly Dance e Grupo Performance com o espet\u00e1culo Suellen Colucci. J\u00e1 na ter\u00e7a sobem ao palco o Est\u00fadio de Dan\u00e7a Pli\u00ea com o Bal\u00e9 Livre, logo ap\u00f3s o Grupo de Experi\u00eancias Art\u00edsticas tr\u00e1s o espet\u00e1culo Corrente e encerrando a noite a Cia. Corpo Livre com a apresenta\u00e7\u00e3o da pe\u00e7a \u201cAo cair da noite em um despertar de ilus\u00f5es\u201d.<\/p>\n\n\n\n<p>Na quarta-feira, 23, o Grupo Experieus tr\u00e1s o espet\u00e1culo Qual \u00e9 o T\u00edtulo, o espet\u00e1culo \u201cSete\u201d ser\u00e1 apresentado pelo Grupo de Dan\u00e7a Star Club, e a Refinaria C\u00eanica com \u201cO cora\u00e7\u00e3o delator\u201d. Na quinta-feira o Teatro Jansen Filho ser\u00e1 palco de apresenta\u00e7\u00f5es de dan\u00e7a com a Cia. de Dan\u00e7a Tradi\u00e7\u00e3o Nordestina da cidade de Coxixola com o espet\u00e1culo Estigmatizados com \u201cKizomba, Xaxado e Forr\u00f3\u201d e o Grupo de Dan\u00e7a Lam\u00faria com o espet\u00e1culo da S\u00e9rie \u201cAssassinos\u201d Tango do Pres\u00eddio.<\/p>\n\n\n\n<p>Na sexta-feira, 25, o Coletivo Tranz de Jo\u00e3o Pessoa apresenta o espet\u00e1culo de dan\u00e7a Terreiro Envergado, na sequ\u00eancia sobem ao palco a Cia. Black Art com \u201cQue Pa\u00eds \u00e9 Esse?\u201d.<\/p>\n\n\n\n<p>O encerramento da IX Mostra de Teatro e Dan\u00e7a do Cariri acontece no s\u00e1bado, 26, com as entregas dos trof\u00e9us e certificados das oficinas, e em seguida acontece o espet\u00e1culo Alegria de N\u00e1ufragos com a Cia. Sert\u00e3o teatro de Jo\u00e3o Pessoa e show musical.<\/p>\n\n\n\n<p>\u201cToda programa\u00e7\u00e3o tem o intuito de despertar o interesse na cultura. As oficinas oferecem conhecimento e os espet\u00e1culos inspira\u00e7\u00e3o. Nossa Mostra de Teatro e Dan\u00e7a do Cariri tem evolu\u00eddo e ampliado com o passar dos anos, o que muito nos alegra, pois temos na veia, no sangue a cultura\u201d, conta a prefeita Anna Lorena.<\/p>\n","protected":false},"excerpt":{"rendered":"<p>A Secretaria Municipal de Cultura e Turismo de Monteiro definiu esta semana a programa\u00e7\u00e3o que comp\u00f5e a IX Mostra de Teatro e Dan\u00e7a do Cariri&hellip; <\/p>\n","protected":false},"author":1,"featured_media":127346,"comment_status":"closed","ping_status":"closed","sticky":false,"template":"","format":"standard","meta":{"sfsi_plus_gutenberg_text_before_share":"","sfsi_plus_gutenberg_show_text_before_share":"","sfsi_plus_gutenberg_icon_type":"","sfsi_plus_gutenberg_icon_alignemt":"","sfsi_plus_gutenburg_max_per_row":"","footnotes":""},"categories":[2],"tags":[],"class_list":["post-127345","post","type-post","status-publish","format-standard","has-post-thumbnail","hentry","category-geral"],"_links":{"self":[{"href":"https:\/\/www.caririemacao.com\/1\/wp-json\/wp\/v2\/posts\/127345","targetHints":{"allow":["GET"]}}],"collection":[{"href":"https:\/\/www.caririemacao.com\/1\/wp-json\/wp\/v2\/posts"}],"about":[{"href":"https:\/\/www.caririemacao.com\/1\/wp-json\/wp\/v2\/types\/post"}],"author":[{"embeddable":true,"href":"https:\/\/www.caririemacao.com\/1\/wp-json\/wp\/v2\/users\/1"}],"replies":[{"embeddable":true,"href":"https:\/\/www.caririemacao.com\/1\/wp-json\/wp\/v2\/comments?post=127345"}],"version-history":[{"count":1,"href":"https:\/\/www.caririemacao.com\/1\/wp-json\/wp\/v2\/posts\/127345\/revisions"}],"predecessor-version":[{"id":127347,"href":"https:\/\/www.caririemacao.com\/1\/wp-json\/wp\/v2\/posts\/127345\/revisions\/127347"}],"wp:featuredmedia":[{"embeddable":true,"href":"https:\/\/www.caririemacao.com\/1\/wp-json\/wp\/v2\/media\/127346"}],"wp:attachment":[{"href":"https:\/\/www.caririemacao.com\/1\/wp-json\/wp\/v2\/media?parent=127345"}],"wp:term":[{"taxonomy":"category","embeddable":true,"href":"https:\/\/www.caririemacao.com\/1\/wp-json\/wp\/v2\/categories?post=127345"},{"taxonomy":"post_tag","embeddable":true,"href":"https:\/\/www.caririemacao.com\/1\/wp-json\/wp\/v2\/tags?post=127345"}],"curies":[{"name":"wp","href":"https:\/\/api.w.org\/{rel}","templated":true}]}}