{"id":127350,"date":"2019-10-17T16:11:27","date_gmt":"2019-10-17T19:11:27","guid":{"rendered":"http:\/\/www.caririemacao.com\/1\/?p=127350"},"modified":"2019-10-17T16:11:27","modified_gmt":"2019-10-17T19:11:27","slug":"adolescente-e-apreendida-suspeita-de-tentar-golpear-conselheira-tutelar-com-cadeira","status":"publish","type":"post","link":"https:\/\/www.caririemacao.com\/1\/2019\/10\/17\/adolescente-e-apreendida-suspeita-de-tentar-golpear-conselheira-tutelar-com-cadeira\/","title":{"rendered":"Adolescente \u00e9 apreendida suspeita de tentar golpear conselheira tutelar com cadeira"},"content":{"rendered":"\n<p>Uma adolescente foi apreendida suspeita de amea\u00e7ar uma conselheira tutelar em Guarabira, no Brejo da Para\u00edba. Os policiais do 4\u00ba Batalh\u00e3o da PM (BPM) foram acionados para captur\u00e1-la nessa quarta-feira (16).<\/p>\n\n\n\n<p>A menor \u00e9 suspeita de danificar o patrim\u00f4nio p\u00fablico e de amea\u00e7a. A conselheira tutelar disse \u00e0 PM que foi amea\u00e7ada pela menina quando estava no pr\u00e9dio do Conselho Tutelar de Guarabira.<\/p>\n\n\n\n<p>Segundo informa\u00e7\u00f5es do 4\u00ba BPM, a adolescente pegou uma cadeira para atingir a conselheira tutelar, e quebrou o m\u00f3vel.<\/p>\n\n\n\n<p>A equipe da Pol\u00edcia Militar relatou ter encontrado a menor muito agitada. Ela teria, mesmo diante dos policiais, tentado agredir a conselheira.<\/p>\n\n\n\n<p>A adolescente foi levada \u00e0 delegacia para prestar depoimento.<\/p>\n","protected":false},"excerpt":{"rendered":"<p>Uma adolescente foi apreendida suspeita de amea\u00e7ar uma conselheira tutelar em Guarabira, no Brejo da Para\u00edba. Os policiais do 4\u00ba Batalh\u00e3o da PM (BPM) foram&hellip; <\/p>\n","protected":false},"author":1,"featured_media":127351,"comment_status":"closed","ping_status":"closed","sticky":false,"template":"","format":"standard","meta":{"sfsi_plus_gutenberg_text_before_share":"","sfsi_plus_gutenberg_show_text_before_share":"","sfsi_plus_gutenberg_icon_type":"","sfsi_plus_gutenberg_icon_alignemt":"","sfsi_plus_gutenburg_max_per_row":"","footnotes":""},"categories":[2],"tags":[],"class_list":["post-127350","post","type-post","status-publish","format-standard","has-post-thumbnail","hentry","category-geral"],"_links":{"self":[{"href":"https:\/\/www.caririemacao.com\/1\/wp-json\/wp\/v2\/posts\/127350","targetHints":{"allow":["GET"]}}],"collection":[{"href":"https:\/\/www.caririemacao.com\/1\/wp-json\/wp\/v2\/posts"}],"about":[{"href":"https:\/\/www.caririemacao.com\/1\/wp-json\/wp\/v2\/types\/post"}],"author":[{"embeddable":true,"href":"https:\/\/www.caririemacao.com\/1\/wp-json\/wp\/v2\/users\/1"}],"replies":[{"embeddable":true,"href":"https:\/\/www.caririemacao.com\/1\/wp-json\/wp\/v2\/comments?post=127350"}],"version-history":[{"count":1,"href":"https:\/\/www.caririemacao.com\/1\/wp-json\/wp\/v2\/posts\/127350\/revisions"}],"predecessor-version":[{"id":127352,"href":"https:\/\/www.caririemacao.com\/1\/wp-json\/wp\/v2\/posts\/127350\/revisions\/127352"}],"wp:featuredmedia":[{"embeddable":true,"href":"https:\/\/www.caririemacao.com\/1\/wp-json\/wp\/v2\/media\/127351"}],"wp:attachment":[{"href":"https:\/\/www.caririemacao.com\/1\/wp-json\/wp\/v2\/media?parent=127350"}],"wp:term":[{"taxonomy":"category","embeddable":true,"href":"https:\/\/www.caririemacao.com\/1\/wp-json\/wp\/v2\/categories?post=127350"},{"taxonomy":"post_tag","embeddable":true,"href":"https:\/\/www.caririemacao.com\/1\/wp-json\/wp\/v2\/tags?post=127350"}],"curies":[{"name":"wp","href":"https:\/\/api.w.org\/{rel}","templated":true}]}}