{"id":127355,"date":"2019-10-17T16:14:16","date_gmt":"2019-10-17T19:14:16","guid":{"rendered":"http:\/\/www.caririemacao.com\/1\/?p=127355"},"modified":"2019-10-17T16:14:16","modified_gmt":"2019-10-17T19:14:16","slug":"ricardo-coutinho-e-proibido-de-sair-do-pais-com-o-filho","status":"publish","type":"post","link":"https:\/\/www.caririemacao.com\/1\/2019\/10\/17\/ricardo-coutinho-e-proibido-de-sair-do-pais-com-o-filho\/","title":{"rendered":"Ricardo Coutinho \u00e9 proibido de sair do pa\u00eds com o filho"},"content":{"rendered":"\n<p>O ex-governador da Para\u00edba Ricardo Coutinho est\u00e1 proibido de deixar o pa\u00eds em companhia do filho, que teve com a ex-primeira-dama, P\u00e2mela B\u00f3rio. A decis\u00e3o \u00e9 do juiz da 1\u00aa Vara da Fam\u00edlia de Jo\u00e3o Pessoa, Ant\u00f4nio Amaral, no processo n\u00famero 0002022-78.2019.815.2004.<\/p>\n\n\n\n<p>De acordo com mat\u00e9ria publicada no blog de Suetoni Souto Maior, Ricardo Coutinho participar\u00e1 de eventos na Espanha, enquanto representante da Funda\u00e7\u00e3o Jo\u00e3o Mangabeira, ligada ao PSB. P\u00e2mela B\u00f3rio indicava perigo de n\u00e3o retorno do filho.&nbsp;<\/p>\n\n\n\n<p>A viagem ocorreria entre os dias 22 deste m\u00eas e 4 de novembro. Para a viagem, al\u00e9m do filho que teve com P\u00e2mela, embarcariam a atual mulher do ex-governador, Amanda Rodrigues, e os dois filhos dela, enteados de Ricardo. A decis\u00e3o do magistrado foi criticada pela advogada de Coutinho, Anna Carola Lopes Correia Lima.<\/p>\n\n\n\n<p>Segundo ela, o juiz da Inf\u00e2ncia e Juventude, Adhailton Lacet Porto, tinha autorizado a viagem. Anna Carla informou que vai entrar com agravo ainda nesta quinta-feira (17) no Tribunal de Justi\u00e7a. A advogada criticou os argumentos da ex-primeira-dama, que alegou risco de n\u00e3o retorno do ex-governador ao Estado.<\/p>\n\n\n\n<p>Ns \u00faltimos dias, s\u00e3o fortes os rumores de que Ricardo Coutinho deixaria o Brasil diante dos recentes desdobramentos da Opera\u00e7\u00e3o Calv\u00e1rio.<\/p>\n\n\n\n<p>O deputado estadual Cabo Gilberto Silva (PSL), informou \u00e0 imprensa que, diante das revela\u00e7\u00f5es trazidas \u00e0 tona pela Opera\u00e7\u00e3o, ir\u00e1 solicitar \u00e0 justi\u00e7a a reten\u00e7\u00e3o dos passaportes do ex-governador.<\/p>\n","protected":false},"excerpt":{"rendered":"<p>O ex-governador da Para\u00edba Ricardo Coutinho est\u00e1 proibido de deixar o pa\u00eds em companhia do filho, que teve com a ex-primeira-dama, P\u00e2mela B\u00f3rio. A decis\u00e3o&hellip; <\/p>\n","protected":false},"author":1,"featured_media":99083,"comment_status":"closed","ping_status":"closed","sticky":false,"template":"","format":"standard","meta":{"sfsi_plus_gutenberg_text_before_share":"","sfsi_plus_gutenberg_show_text_before_share":"","sfsi_plus_gutenberg_icon_type":"","sfsi_plus_gutenberg_icon_alignemt":"","sfsi_plus_gutenburg_max_per_row":"","footnotes":""},"categories":[2],"tags":[],"class_list":["post-127355","post","type-post","status-publish","format-standard","has-post-thumbnail","hentry","category-geral"],"_links":{"self":[{"href":"https:\/\/www.caririemacao.com\/1\/wp-json\/wp\/v2\/posts\/127355","targetHints":{"allow":["GET"]}}],"collection":[{"href":"https:\/\/www.caririemacao.com\/1\/wp-json\/wp\/v2\/posts"}],"about":[{"href":"https:\/\/www.caririemacao.com\/1\/wp-json\/wp\/v2\/types\/post"}],"author":[{"embeddable":true,"href":"https:\/\/www.caririemacao.com\/1\/wp-json\/wp\/v2\/users\/1"}],"replies":[{"embeddable":true,"href":"https:\/\/www.caririemacao.com\/1\/wp-json\/wp\/v2\/comments?post=127355"}],"version-history":[{"count":1,"href":"https:\/\/www.caririemacao.com\/1\/wp-json\/wp\/v2\/posts\/127355\/revisions"}],"predecessor-version":[{"id":127356,"href":"https:\/\/www.caririemacao.com\/1\/wp-json\/wp\/v2\/posts\/127355\/revisions\/127356"}],"wp:featuredmedia":[{"embeddable":true,"href":"https:\/\/www.caririemacao.com\/1\/wp-json\/wp\/v2\/media\/99083"}],"wp:attachment":[{"href":"https:\/\/www.caririemacao.com\/1\/wp-json\/wp\/v2\/media?parent=127355"}],"wp:term":[{"taxonomy":"category","embeddable":true,"href":"https:\/\/www.caririemacao.com\/1\/wp-json\/wp\/v2\/categories?post=127355"},{"taxonomy":"post_tag","embeddable":true,"href":"https:\/\/www.caririemacao.com\/1\/wp-json\/wp\/v2\/tags?post=127355"}],"curies":[{"name":"wp","href":"https:\/\/api.w.org\/{rel}","templated":true}]}}