{"id":127361,"date":"2019-10-17T16:16:49","date_gmt":"2019-10-17T19:16:49","guid":{"rendered":"http:\/\/www.caririemacao.com\/1\/?p=127361"},"modified":"2019-10-17T16:16:49","modified_gmt":"2019-10-17T19:16:49","slug":"carlos-bolsonaro-se-desculpa-por-post-no-twitter-sem-autorizacao-do-pai","status":"publish","type":"post","link":"https:\/\/www.caririemacao.com\/1\/2019\/10\/17\/carlos-bolsonaro-se-desculpa-por-post-no-twitter-sem-autorizacao-do-pai\/","title":{"rendered":"Carlos Bolsonaro se desculpa por post no Twitter sem autoriza\u00e7\u00e3o do pai"},"content":{"rendered":"\n<p>O vereador Carlos Bolsonaro (PSC-RJ), filho do presidente Jair Bolsonaro, pediu desculpas nesta quinta-feira por ter publicado na conta oficial de Twitter do pai, sem autoriza\u00e7\u00e3o, uma defesa da pris\u00e3o ap\u00f3s condena\u00e7\u00e3o em segunda inst\u00e2ncia e da Proposta de Emenda \u00e0 Constitui\u00e7\u00e3o sobre o tema que tramita na C\u00e2mara dos Deputados.<\/p>\n\n\n\n<p>O texto publicado mais cedo na conta do presidente, que depois foi apagado, dizia: \u201cAos que questionam, sempre deixamos clara nossa posi\u00e7\u00e3o favor\u00e1vel em rela\u00e7\u00e3o \u00e0 pris\u00e3o em segunda inst\u00e2ncia\u201d.<\/p>\n\n\n\n<figure class=\"wp-block-image\"><img decoding=\"async\" data-src=\"https:\/\/www.clickpb.com.br\/media\/filer_public\/eb\/43\/eb433735-a241-401e-a70f-7a6bc0dab1ea\/carlos_bolsonaro.png\" alt=\"\" src=\"data:image\/svg+xml;base64,PHN2ZyB3aWR0aD0iMSIgaGVpZ2h0PSIxIiB4bWxucz0iaHR0cDovL3d3dy53My5vcmcvMjAwMC9zdmciPjwvc3ZnPg==\" class=\"lazyload\" \/><\/figure>\n\n\n\n<p>Citava ainda o apoio \u00e0 PEC que est\u00e1 no Congresso, relatada pela deputada Caroline de Toni (PSL-SC), a favor dessa posi\u00e7\u00e3o.<\/p>\n\n\n\n<p>A publica\u00e7\u00e3o foi feita no dia em que o Supremo Tribunal Federal (STF) iniciou julgamento que pode rever o entendimento atualmente em aplica\u00e7\u00e3o que autoriza a pris\u00e3o de condenados em segunda inst\u00e2ncia, o que pode beneficiar o ex-presidente Luiz In\u00e1cio Lula da Silva e outros condenados no \u00e2mbito da opera\u00e7\u00e3o Lava Jato.<\/p>\n\n\n\n<p>Ao ser criticado por um seguidor por ter \u201cexposto o presidente ao rid\u00edculo\u201d, Carlos disse que por isso estava assumindo a culpa.<\/p>\n\n\n\n<p>O relat\u00f3rio da PEC sobre a pris\u00e3o ap\u00f3s condena\u00e7\u00e3o em segunda inst\u00e2ncia foi lido na quarta-feira na Comiss\u00e3o de Constitui\u00e7\u00e3o e Justi\u00e7a da C\u00e2mara (CCJ), depois de dois dias de sess\u00f5es tumultuadas, com deputados da oposi\u00e7\u00e3o e de parte do chamado centr\u00e3o contr\u00e1rios \u00e0 medida.<\/p>\n\n\n\n<p>O presidente da CCJ, Felipe Francischini (PSL-PR), decidiu fazer uma sess\u00e3o extra na \u00faltima ter\u00e7a-feira para tentar acelerar a tramita\u00e7\u00e3o da proposta e prometeu tentar vot\u00e1-la na comiss\u00e3o at\u00e9 a semana que vem.<\/p>\n\n\n\n<p>A a\u00e7\u00e3o foi uma tentativa de resposta \u00e0 possibilidade de o STF rever a decis\u00e3o de 2016 que determinou a pris\u00e3o a partir da condena\u00e7\u00e3o em 2\u00aa inst\u00e2ncia. A tend\u00eancia do STF nesse momento \u00e9 rever esse entendimento.<\/p>\n\n\n\n<p>Na quarta-feira, Bolsonaro recebeu no Planalto tr\u00eas ministros do STF: o presidente da corte, Dias Toffoli, acompanhado do ministro Alexandre de Moraes, e, em uma outra audi\u00eancia, o ministro Gilmar Mendes.<\/p>\n\n\n\n<p>Os encontros inicialmente n\u00e3o estavam na agenda oficial. Perguntado sobre a pauta, o porta-voz da Presid\u00eancia, Ot\u00e1vio do R\u00eago Barros, afirmou na quarta-feira que Bolsonaro avisara que n\u00e3o comentaria os temas tratados com os ministros.<\/p>\n\n\n\n<figure><iframe allowfullscreen=\"true\" data-src=\"https:\/\/staticxx.facebook.com\/connect\/xd_arbiter.php?version=44#channel=f1036ed79583944&amp;origin=https%3A%2F%2Fwww.clickpb.com.br\" src=\"data:image\/svg+xml;base64,PHN2ZyB3aWR0aD0iMSIgaGVpZ2h0PSIxIiB4bWxucz0iaHR0cDovL3d3dy53My5vcmcvMjAwMC9zdmciPjwvc3ZnPg==\" class=\"lazyload\" data-load-mode=\"1\"><\/iframe><\/figure>\n","protected":false},"excerpt":{"rendered":"<p>O vereador Carlos Bolsonaro (PSC-RJ), filho do presidente Jair Bolsonaro, pediu desculpas nesta quinta-feira por ter publicado na conta oficial de Twitter do pai, sem&hellip; <\/p>\n","protected":false},"author":1,"featured_media":93274,"comment_status":"closed","ping_status":"closed","sticky":false,"template":"","format":"standard","meta":{"sfsi_plus_gutenberg_text_before_share":"","sfsi_plus_gutenberg_show_text_before_share":"","sfsi_plus_gutenberg_icon_type":"","sfsi_plus_gutenberg_icon_alignemt":"","sfsi_plus_gutenburg_max_per_row":"","footnotes":""},"categories":[11],"tags":[],"class_list":["post-127361","post","type-post","status-publish","format-standard","has-post-thumbnail","hentry","category-politica"],"_links":{"self":[{"href":"https:\/\/www.caririemacao.com\/1\/wp-json\/wp\/v2\/posts\/127361","targetHints":{"allow":["GET"]}}],"collection":[{"href":"https:\/\/www.caririemacao.com\/1\/wp-json\/wp\/v2\/posts"}],"about":[{"href":"https:\/\/www.caririemacao.com\/1\/wp-json\/wp\/v2\/types\/post"}],"author":[{"embeddable":true,"href":"https:\/\/www.caririemacao.com\/1\/wp-json\/wp\/v2\/users\/1"}],"replies":[{"embeddable":true,"href":"https:\/\/www.caririemacao.com\/1\/wp-json\/wp\/v2\/comments?post=127361"}],"version-history":[{"count":1,"href":"https:\/\/www.caririemacao.com\/1\/wp-json\/wp\/v2\/posts\/127361\/revisions"}],"predecessor-version":[{"id":127362,"href":"https:\/\/www.caririemacao.com\/1\/wp-json\/wp\/v2\/posts\/127361\/revisions\/127362"}],"wp:featuredmedia":[{"embeddable":true,"href":"https:\/\/www.caririemacao.com\/1\/wp-json\/wp\/v2\/media\/93274"}],"wp:attachment":[{"href":"https:\/\/www.caririemacao.com\/1\/wp-json\/wp\/v2\/media?parent=127361"}],"wp:term":[{"taxonomy":"category","embeddable":true,"href":"https:\/\/www.caririemacao.com\/1\/wp-json\/wp\/v2\/categories?post=127361"},{"taxonomy":"post_tag","embeddable":true,"href":"https:\/\/www.caririemacao.com\/1\/wp-json\/wp\/v2\/tags?post=127361"}],"curies":[{"name":"wp","href":"https:\/\/api.w.org\/{rel}","templated":true}]}}