{"id":127369,"date":"2019-10-17T16:25:24","date_gmt":"2019-10-17T19:25:24","guid":{"rendered":"http:\/\/www.caririemacao.com\/1\/?p=127369"},"modified":"2019-10-17T16:25:24","modified_gmt":"2019-10-17T19:25:24","slug":"buracos-na-br-412-continuam-provocando-prejuizos-aos-motoristas-e-se-transformado-num-risco-de-vida","status":"publish","type":"post","link":"https:\/\/www.caririemacao.com\/1\/2019\/10\/17\/buracos-na-br-412-continuam-provocando-prejuizos-aos-motoristas-e-se-transformado-num-risco-de-vida\/","title":{"rendered":"Buracos na BR 412 continuam provocando preju\u00edzos aos motoristas e se transformado num risco de vida"},"content":{"rendered":"\n<p>Os condutores de ve\u00edculos que trafegam diariamente pela rodovia BR-412, principal via de acesso ao Cariri, vem enfrentando preju\u00edzos em seus autom\u00f3veis e at\u00e9 correndo risco de vida devido os in\u00fameros buracos existentes na estrada. As \u201ccrateras\u201d est\u00e3o aumentando a cada dia n\u00e3o apenas em n\u00famero, mas tamb\u00e9m em tamanho e os riscos s\u00e3o inevit\u00e1veis.<\/p>\n\n\n\n<div class=\"wp-block-image\"><figure class=\"aligncenter\"><img decoding=\"async\" data-src=\"http:\/\/deolhonocariri.com.br\/wp-content\/uploads\/2019\/10\/pneu.png\" alt=\"\" class=\"wp-image-73089 lazyload\" src=\"data:image\/svg+xml;base64,PHN2ZyB3aWR0aD0iMSIgaGVpZ2h0PSIxIiB4bWxucz0iaHR0cDovL3d3dy53My5vcmcvMjAwMC9zdmciPjwvc3ZnPg==\" \/><\/figure><\/div>\n\n\n\n<p>Nesta semana mais um motorista sofreu preju\u00edzos, perdendo dois pneus do seu ve\u00edculo (FOTO) ao passar por um grande buraco que se formou entre os trechos das cidades de Sum\u00e9 e Monteiro. Ap\u00f3s o distrito de Santa Luzia, no sentido Serra Branca, os buracos tamb\u00e9m s\u00e3o grandes, mas quem trafega entre Boa Vista e S\u00e3o Jo\u00e3o do Cariri deve ficar atento em alguns trechos.<\/p>\n\n\n\n<p><strong>O DNIT<\/strong><\/p>\n\n\n\n<p>No in\u00edcio do m\u00eas de setembro, o DNIT assegurou a recupera\u00e7\u00e3o da rodovia e a retomada de sua manuten\u00e7\u00e3o, logo da realiza\u00e7\u00e3o da licita\u00e7\u00e3o e a da contrata\u00e7\u00e3o da empresa vencedora.<\/p>\n\n\n\n<p>Ainda de acordo com o DNIT, o edital estaria pr\u00f3ximo de sua publica\u00e7\u00e3o e a contra\u00e7\u00e3o seria prevista at\u00e9 ao final do m\u00eas passado, fato que ainda n\u00e3o aconteceu. Dentre os servi\u00e7os contratados para a recupera\u00e7\u00e3o da BR-412 est\u00e3o pavimentos e pistas de acostamento, por meio de tapas buracos, remendos profundos e reparos localizados.<\/p>\n\n\n\n<p>Os prefeitos de Sum\u00e9 (\u00c9den Duarte) e Ronaldo Queiroz (Gurj\u00e3o) que \u00e9 presidente da AMCAP encaminharam of\u00edcios direcionado ao DNIT, requisitando com urg\u00eancia a realiza\u00e7\u00e3o dos servi\u00e7os de manuten\u00e7\u00e3o na rodovia BR-412.<\/p>\n","protected":false},"excerpt":{"rendered":"<p>Os condutores de ve\u00edculos que trafegam diariamente pela rodovia BR-412, principal via de acesso ao Cariri, vem enfrentando preju\u00edzos em seus autom\u00f3veis e at\u00e9 correndo&hellip; <\/p>\n","protected":false},"author":1,"featured_media":5377,"comment_status":"closed","ping_status":"closed","sticky":false,"template":"","format":"standard","meta":{"sfsi_plus_gutenberg_text_before_share":"","sfsi_plus_gutenberg_show_text_before_share":"","sfsi_plus_gutenberg_icon_type":"","sfsi_plus_gutenberg_icon_alignemt":"","sfsi_plus_gutenburg_max_per_row":"","footnotes":""},"categories":[2],"tags":[],"class_list":["post-127369","post","type-post","status-publish","format-standard","has-post-thumbnail","hentry","category-geral"],"_links":{"self":[{"href":"https:\/\/www.caririemacao.com\/1\/wp-json\/wp\/v2\/posts\/127369","targetHints":{"allow":["GET"]}}],"collection":[{"href":"https:\/\/www.caririemacao.com\/1\/wp-json\/wp\/v2\/posts"}],"about":[{"href":"https:\/\/www.caririemacao.com\/1\/wp-json\/wp\/v2\/types\/post"}],"author":[{"embeddable":true,"href":"https:\/\/www.caririemacao.com\/1\/wp-json\/wp\/v2\/users\/1"}],"replies":[{"embeddable":true,"href":"https:\/\/www.caririemacao.com\/1\/wp-json\/wp\/v2\/comments?post=127369"}],"version-history":[{"count":1,"href":"https:\/\/www.caririemacao.com\/1\/wp-json\/wp\/v2\/posts\/127369\/revisions"}],"predecessor-version":[{"id":127370,"href":"https:\/\/www.caririemacao.com\/1\/wp-json\/wp\/v2\/posts\/127369\/revisions\/127370"}],"wp:featuredmedia":[{"embeddable":true,"href":"https:\/\/www.caririemacao.com\/1\/wp-json\/wp\/v2\/media\/5377"}],"wp:attachment":[{"href":"https:\/\/www.caririemacao.com\/1\/wp-json\/wp\/v2\/media?parent=127369"}],"wp:term":[{"taxonomy":"category","embeddable":true,"href":"https:\/\/www.caririemacao.com\/1\/wp-json\/wp\/v2\/categories?post=127369"},{"taxonomy":"post_tag","embeddable":true,"href":"https:\/\/www.caririemacao.com\/1\/wp-json\/wp\/v2\/tags?post=127369"}],"curies":[{"name":"wp","href":"https:\/\/api.w.org\/{rel}","templated":true}]}}