{"id":127393,"date":"2019-10-17T17:08:50","date_gmt":"2019-10-17T20:08:50","guid":{"rendered":"http:\/\/www.caririemacao.com\/1\/?p=127393"},"modified":"2019-10-17T17:08:50","modified_gmt":"2019-10-17T20:08:50","slug":"ministerio-investiga-facebook-por-violacoes-a-privacidade","status":"publish","type":"post","link":"https:\/\/www.caririemacao.com\/1\/2019\/10\/17\/ministerio-investiga-facebook-por-violacoes-a-privacidade\/","title":{"rendered":"Minist\u00e9rio investiga Facebook por viola\u00e7\u00f5es \u00e0 privacidade"},"content":{"rendered":"\n<p>A Secretaria Nacional do Consumidor (Senacom), \u00f3rg\u00e3o do Minist\u00e9rio da Justi\u00e7a e Seguran\u00e7a P\u00fablica, abriu novo processo contra o Facebook para investigar supostas viola\u00e7\u00f5es \u00e0 privacidade e prote\u00e7\u00e3o de dados n\u00e3o somente de usu\u00e1rios da plataforma como de outros indiv\u00edduos. O Facebook tem at\u00e9 10 dias para responder \u00e0 notifica\u00e7\u00e3o. Segundo o \u00f3rg\u00e3o, se comprovadas as viola\u00e7\u00f5es,&nbsp;a empresa pode pagar multa de at\u00e9 R$ 10 milh\u00f5es.A Senacom apura supostos abusos no tratamento de dados sens\u00edveis. Entre eles estariam informa\u00e7\u00f5es de sa\u00fade como frequ\u00eancia card\u00edaca e ciclo menstrual, conte\u00fados de mensagens e e-mails privados e localiza\u00e7\u00e3o dos usu\u00e1rios. O tratamento irregular envolveria inclusive registros de pessoas que n\u00e3o s\u00e3o usu\u00e1rios da plataforma.Essas informa\u00e7\u00f5es teriam sido obtidas por meio de aplicativos. O Facebook funciona como plataformas para diversos apps, permitindo que esses ofere\u00e7am servi\u00e7os e, para isso, coletem dados dos usu\u00e1rios. O aplicativo FaceApp foi um dos que&nbsp;<a href=\"http:\/\/agenciabrasil.ebc.com.br\/geral\/noticia\/2019-07\/aplicativo-faceapp-pode-abrir-porta-para-abusos-com-dados-dos-usuarios\">recentemente geraram pol\u00eamica e questionamentos<\/a>.O processo aberto pelo MJ \u00e9 o terceiro contra o Facebook por suspeitas de pr\u00e1ticas irregulares relacionadas a dados de internautas. Em agosto, a Senacom&nbsp;<a href=\"http:\/\/agenciabrasil.ebc.com.br\/geral\/noticia\/2019-08\/senacon-cobra-esclarecimentos-do-facebook-sobre-acesso-mensagens\">cobrou esclarecimentos da companhia pelo acesso indevido ao conte\u00fado de mensagens<\/a>&nbsp;do FB Messenger.Em mar\u00e7o, o \u00f3rg\u00e3o instaurou dois processos contra a rede social, sendo um pelo compartilhamento ilegal de dados a partir do recurso de login usando a conta do Facebook e outro pela atua\u00e7\u00e3o de hackers que teriam invadido contas de usu\u00e1rios brasileiros e obtido informa\u00e7\u00f5es como nome, e-mail, lugares onde a pessoa foi e buscas realizadas.<\/p>\n","protected":false},"excerpt":{"rendered":"<p>A Secretaria Nacional do Consumidor (Senacom), \u00f3rg\u00e3o do Minist\u00e9rio da Justi\u00e7a e Seguran\u00e7a P\u00fablica, abriu novo processo contra o Facebook para investigar supostas viola\u00e7\u00f5es \u00e0&hellip; <\/p>\n","protected":false},"author":1,"featured_media":60741,"comment_status":"closed","ping_status":"closed","sticky":false,"template":"","format":"standard","meta":{"sfsi_plus_gutenberg_text_before_share":"","sfsi_plus_gutenberg_show_text_before_share":"","sfsi_plus_gutenberg_icon_type":"","sfsi_plus_gutenberg_icon_alignemt":"","sfsi_plus_gutenburg_max_per_row":"","footnotes":""},"categories":[2],"tags":[],"class_list":["post-127393","post","type-post","status-publish","format-standard","has-post-thumbnail","hentry","category-geral"],"_links":{"self":[{"href":"https:\/\/www.caririemacao.com\/1\/wp-json\/wp\/v2\/posts\/127393","targetHints":{"allow":["GET"]}}],"collection":[{"href":"https:\/\/www.caririemacao.com\/1\/wp-json\/wp\/v2\/posts"}],"about":[{"href":"https:\/\/www.caririemacao.com\/1\/wp-json\/wp\/v2\/types\/post"}],"author":[{"embeddable":true,"href":"https:\/\/www.caririemacao.com\/1\/wp-json\/wp\/v2\/users\/1"}],"replies":[{"embeddable":true,"href":"https:\/\/www.caririemacao.com\/1\/wp-json\/wp\/v2\/comments?post=127393"}],"version-history":[{"count":1,"href":"https:\/\/www.caririemacao.com\/1\/wp-json\/wp\/v2\/posts\/127393\/revisions"}],"predecessor-version":[{"id":127394,"href":"https:\/\/www.caririemacao.com\/1\/wp-json\/wp\/v2\/posts\/127393\/revisions\/127394"}],"wp:featuredmedia":[{"embeddable":true,"href":"https:\/\/www.caririemacao.com\/1\/wp-json\/wp\/v2\/media\/60741"}],"wp:attachment":[{"href":"https:\/\/www.caririemacao.com\/1\/wp-json\/wp\/v2\/media?parent=127393"}],"wp:term":[{"taxonomy":"category","embeddable":true,"href":"https:\/\/www.caririemacao.com\/1\/wp-json\/wp\/v2\/categories?post=127393"},{"taxonomy":"post_tag","embeddable":true,"href":"https:\/\/www.caririemacao.com\/1\/wp-json\/wp\/v2\/tags?post=127393"}],"curies":[{"name":"wp","href":"https:\/\/api.w.org\/{rel}","templated":true}]}}