{"id":127403,"date":"2019-10-17T17:13:42","date_gmt":"2019-10-17T20:13:42","guid":{"rendered":"http:\/\/www.caririemacao.com\/1\/?p=127403"},"modified":"2019-10-17T17:14:48","modified_gmt":"2019-10-17T20:14:48","slug":"enem-2019-saiba-como-recuperar-a-senha-e-cadastrar-um-novo-e-mail","status":"publish","type":"post","link":"https:\/\/www.caririemacao.com\/1\/2019\/10\/17\/enem-2019-saiba-como-recuperar-a-senha-e-cadastrar-um-novo-e-mail\/","title":{"rendered":"Enem 2019: saiba como recuperar a senha e cadastrar um novo e-mail"},"content":{"rendered":"\n<p>O Instituto Nacional de Estudos e Pesquisas Educacionais An\u00edsio Teixeira (Inep)&nbsp;<a href=\"https:\/\/www.youtube.com\/watch?v=x5mIzD1iS9g&amp;feature=youtu.be\" target=\"_blank\" rel=\"noreferrer noopener\">divulgou um v\u00eddeo<\/a>&nbsp;para ajudar os estudantes que far\u00e3o o Exame Nacional do Ensino M\u00e9dio (Enem) 2019 a recuperar a senha e a cadastrar um novo&nbsp;<em>e-mail<\/em>, se for necess\u00e1rio, para terem acesso \u00e0&nbsp;<a href=\"https:\/\/enem.inep.gov.br\/participante\/#!\/\" target=\"_blank\" rel=\"noreferrer noopener\">P\u00e1gina do Participante<\/a>. As provas ser\u00e3o aplicadas nos dias 3 e 10 de novembro. Cerca de 5,1 milh\u00f5es de estudantes est\u00e3o inscritos no Enem 2019.<\/p>\n\n\n\n<p>Todos os inscritos precisar\u00e3o dessas informa\u00e7\u00f5es para acessar, por exemplo,&nbsp;<a href=\"http:\/\/agenciabrasil.ebc.com.br\/educacao\/noticia\/2019-10\/inep-divulga-amanha-os-locais-de-prova-do-enem\" target=\"_blank\" rel=\"noreferrer noopener\">o local onde far\u00e3o as provas<\/a>, que ser\u00e1 divulgado amanh\u00e3 (16), e o resultado do exame.<\/p>\n\n\n\n<p>Para recuperar a senha criada na hora da inscri\u00e7\u00e3o, basta acessar a&nbsp;<a href=\"https:\/\/enem.inep.gov.br\/participante\/#!\/\" target=\"_blank\" rel=\"noreferrer noopener\">P\u00e1gina do Participante<\/a>&nbsp;e seguir as instru\u00e7\u00f5es que aparecer\u00e3o na tela, de selecionar figuras e informar o CPF (Cadastro de Pessoa F\u00edsica). Logo em seguida, quem n\u00e3o tiver a senha em m\u00e3os dever\u00e1 clicar na op\u00e7\u00e3o&nbsp;<em>Esqueci Minha Senha<\/em>, que aparecer\u00e1 no canto inferior direito.<\/p>\n\n\n\n<h2 class=\"wp-block-heading\">Assista ao v\u00eddeo:<\/h2>\n\n\n\n<figure><iframe allowfullscreen=\"\" data-src=\"https:\/\/www.youtube.com\/embed\/x5mIzD1iS9g\" src=\"data:image\/svg+xml;base64,PHN2ZyB3aWR0aD0iMSIgaGVpZ2h0PSIxIiB4bWxucz0iaHR0cDovL3d3dy53My5vcmcvMjAwMC9zdmciPjwvc3ZnPg==\" class=\"lazyload\" data-load-mode=\"1\"><\/iframe><\/figure>\n\n\n\n<h2 class=\"wp-block-heading\">Senha<\/h2>\n\n\n\n<p>O candidato poder\u00e1 selecionar a op\u00e7\u00e3o de enviar a senha para o&nbsp;<em>e-mail<\/em>&nbsp;cadastrado tamb\u00e9m na hora da inscri\u00e7\u00e3o ou de fornecer um novo&nbsp;<em>e-mail<\/em>. Caso fa\u00e7a a segunda op\u00e7\u00e3o, dever\u00e1 informar uma s\u00e9rie de dados solicitados. Se algum dado fornecido estiver incorreto e o participante n\u00e3o conseguir prosseguir, basta reiniciar o processo.<\/p>\n\n\n\n<p>Para entrar em contato com o Minist\u00e9rio da Educa\u00e7\u00e3o (MEC), \u00e9 poss\u00edvel usar o&nbsp;<a href=\"https:\/\/mec-cube.call.inf.br\/auth-web\/login?redirect_uri=http%3A%2F%2Ffaleconosco-mec-cube.call.inf.br%2Fauth%2Fcallback&amp;requested_uri=http%3A%2F%2Ffaleconosco-mec-cube.call.inf.br%2Fsecoes%2F&amp;token_aplicacao=e3lhqm5iVYbcOEfxMMvpBw#\/0\" target=\"_blank\" rel=\"noreferrer noopener\">autoatendimento<\/a>&nbsp;ou entrar em contato pelo&nbsp; 0800-616161.<\/p>\n\n\n\n<p>O Enem 2019 ser\u00e1 realizado em 1.727 munic\u00edpios brasileiros. Quem j\u00e1 concluiu o ensino m\u00e9dio ou vai concluir este ano pode usar as notas do Enem para se inscrever no Sistema de Sele\u00e7\u00e3o Unificada (Sisu), que oferece vagas em institui\u00e7\u00f5es p\u00fablicas de ensino superior.<\/p>\n\n\n\n<p>Os estudantes podem, ainda, concorrer a bolsas de estudo pelo Programa Universidade para Todos (ProUni) e a financiamentos pelo Fundo de Financiamento Estudantil (Fies).<\/p>\n","protected":false},"excerpt":{"rendered":"<p>O Instituto Nacional de Estudos e Pesquisas Educacionais An\u00edsio Teixeira (Inep)&nbsp;divulgou um v\u00eddeo&nbsp;para ajudar os estudantes que far\u00e3o o Exame Nacional do Ensino M\u00e9dio (Enem)&hellip; <\/p>\n","protected":false},"author":1,"featured_media":126970,"comment_status":"closed","ping_status":"closed","sticky":false,"template":"","format":"standard","meta":{"sfsi_plus_gutenberg_text_before_share":"","sfsi_plus_gutenberg_show_text_before_share":"","sfsi_plus_gutenberg_icon_type":"","sfsi_plus_gutenberg_icon_alignemt":"","sfsi_plus_gutenburg_max_per_row":"","footnotes":""},"categories":[14],"tags":[],"class_list":["post-127403","post","type-post","status-publish","format-standard","has-post-thumbnail","hentry","category-educacao"],"_links":{"self":[{"href":"https:\/\/www.caririemacao.com\/1\/wp-json\/wp\/v2\/posts\/127403","targetHints":{"allow":["GET"]}}],"collection":[{"href":"https:\/\/www.caririemacao.com\/1\/wp-json\/wp\/v2\/posts"}],"about":[{"href":"https:\/\/www.caririemacao.com\/1\/wp-json\/wp\/v2\/types\/post"}],"author":[{"embeddable":true,"href":"https:\/\/www.caririemacao.com\/1\/wp-json\/wp\/v2\/users\/1"}],"replies":[{"embeddable":true,"href":"https:\/\/www.caririemacao.com\/1\/wp-json\/wp\/v2\/comments?post=127403"}],"version-history":[{"count":1,"href":"https:\/\/www.caririemacao.com\/1\/wp-json\/wp\/v2\/posts\/127403\/revisions"}],"predecessor-version":[{"id":127405,"href":"https:\/\/www.caririemacao.com\/1\/wp-json\/wp\/v2\/posts\/127403\/revisions\/127405"}],"wp:featuredmedia":[{"embeddable":true,"href":"https:\/\/www.caririemacao.com\/1\/wp-json\/wp\/v2\/media\/126970"}],"wp:attachment":[{"href":"https:\/\/www.caririemacao.com\/1\/wp-json\/wp\/v2\/media?parent=127403"}],"wp:term":[{"taxonomy":"category","embeddable":true,"href":"https:\/\/www.caririemacao.com\/1\/wp-json\/wp\/v2\/categories?post=127403"},{"taxonomy":"post_tag","embeddable":true,"href":"https:\/\/www.caririemacao.com\/1\/wp-json\/wp\/v2\/tags?post=127403"}],"curies":[{"name":"wp","href":"https:\/\/api.w.org\/{rel}","templated":true}]}}