{"id":127428,"date":"2019-10-17T17:18:17","date_gmt":"2019-10-17T20:18:17","guid":{"rendered":"http:\/\/www.caririemacao.com\/1\/?p=127428"},"modified":"2019-10-17T17:18:17","modified_gmt":"2019-10-17T20:18:17","slug":"acusado-de-estupro-de-vulneravel-e-condenado-a-11-anos-de-prisao","status":"publish","type":"post","link":"https:\/\/www.caririemacao.com\/1\/2019\/10\/17\/acusado-de-estupro-de-vulneravel-e-condenado-a-11-anos-de-prisao\/","title":{"rendered":"Acusado de estupro de vulner\u00e1vel \u00e9 condenado a 11 anos de pris\u00e3o"},"content":{"rendered":"\n<p>A C\u00e2mara Criminal do Tribunal de Justi\u00e7a da Para\u00edba condenou um homem acusado de estupro de vulner\u00e1vel a 11 anos, tr\u00eas meses e dez dias de reclus\u00e3o em regime fechado. A decis\u00e3o foi proferida na \u00faltima ter\u00e7a-feira (15), em harmonia com o parecer ministerial e por unanimidade.<\/p>\n\n\n\n<p>O desembargador Ricardo Vital de Almeida foi o relator do processo.<\/p>\n\n\n\n<p>Adriano Silva Almeida \u00e9 acusado de ter cometido estupros contra a menor que, \u00e0 \u00e9poca dos abusos, tinha 11 anos de idade.<\/p>\n\n\n\n<p>&#8220;No caso dos autos, compulsando o arcabou\u00e7o processual, verifica-se que a materialidade e a autoria dos crimes de estupro de vulner\u00e1vel s\u00e3o incontestes, considerando-se a riqueza de detalhas da declara\u00e7\u00e3o da v\u00edtima e dos depoimentos testemunhais, no sentido de que o acusado, aproveitando-se da tenra idade da menor, e da rela\u00e7\u00e3o da amizade com a sua fam\u00edlia, praticou conjun\u00e7\u00e3o carnal, por duas vezes, com a v\u00edtima (quando tinha 11 anos)&#8221;, disse o desembargador.<\/p>\n","protected":false},"excerpt":{"rendered":"<p>A C\u00e2mara Criminal do Tribunal de Justi\u00e7a da Para\u00edba condenou um homem acusado de estupro de vulner\u00e1vel a 11 anos, tr\u00eas meses e dez dias&hellip; <\/p>\n","protected":false},"author":1,"featured_media":105577,"comment_status":"closed","ping_status":"closed","sticky":false,"template":"","format":"standard","meta":{"sfsi_plus_gutenberg_text_before_share":"","sfsi_plus_gutenberg_show_text_before_share":"","sfsi_plus_gutenberg_icon_type":"","sfsi_plus_gutenberg_icon_alignemt":"","sfsi_plus_gutenburg_max_per_row":"","footnotes":""},"categories":[12],"tags":[],"class_list":["post-127428","post","type-post","status-publish","format-standard","has-post-thumbnail","hentry","category-policia"],"_links":{"self":[{"href":"https:\/\/www.caririemacao.com\/1\/wp-json\/wp\/v2\/posts\/127428","targetHints":{"allow":["GET"]}}],"collection":[{"href":"https:\/\/www.caririemacao.com\/1\/wp-json\/wp\/v2\/posts"}],"about":[{"href":"https:\/\/www.caririemacao.com\/1\/wp-json\/wp\/v2\/types\/post"}],"author":[{"embeddable":true,"href":"https:\/\/www.caririemacao.com\/1\/wp-json\/wp\/v2\/users\/1"}],"replies":[{"embeddable":true,"href":"https:\/\/www.caririemacao.com\/1\/wp-json\/wp\/v2\/comments?post=127428"}],"version-history":[{"count":1,"href":"https:\/\/www.caririemacao.com\/1\/wp-json\/wp\/v2\/posts\/127428\/revisions"}],"predecessor-version":[{"id":127429,"href":"https:\/\/www.caririemacao.com\/1\/wp-json\/wp\/v2\/posts\/127428\/revisions\/127429"}],"wp:featuredmedia":[{"embeddable":true,"href":"https:\/\/www.caririemacao.com\/1\/wp-json\/wp\/v2\/media\/105577"}],"wp:attachment":[{"href":"https:\/\/www.caririemacao.com\/1\/wp-json\/wp\/v2\/media?parent=127428"}],"wp:term":[{"taxonomy":"category","embeddable":true,"href":"https:\/\/www.caririemacao.com\/1\/wp-json\/wp\/v2\/categories?post=127428"},{"taxonomy":"post_tag","embeddable":true,"href":"https:\/\/www.caririemacao.com\/1\/wp-json\/wp\/v2\/tags?post=127428"}],"curies":[{"name":"wp","href":"https:\/\/api.w.org\/{rel}","templated":true}]}}