{"id":127436,"date":"2019-10-17T17:22:56","date_gmt":"2019-10-17T20:22:56","guid":{"rendered":"http:\/\/www.caririemacao.com\/1\/?p=127436"},"modified":"2019-10-17T17:22:56","modified_gmt":"2019-10-17T20:22:56","slug":"setembro-tem-a-maior-criacao-de-emprego-formal-para-o-mes-desde-2013","status":"publish","type":"post","link":"https:\/\/www.caririemacao.com\/1\/2019\/10\/17\/setembro-tem-a-maior-criacao-de-emprego-formal-para-o-mes-desde-2013\/","title":{"rendered":"Setembro tem a maior cria\u00e7\u00e3o de emprego formal para o m\u00eas desde 2013"},"content":{"rendered":"\n<p>Beneficiada pelos servi\u00e7os e pela ind\u00fastria, a cria\u00e7\u00e3o de empregos com carteira assinada atingiu, em setembro, o maior n\u00edvel para o m\u00eas em seis anos. Segundo dados divulgados pelo Cadastro Geral de Empregados e Desempregados (Caged), do Minist\u00e9rio do Trabalho, 157.213 postos formais de trabalho foram criados no \u00faltimo m\u00eas. O indicador mede a diferen\u00e7a entre contrata\u00e7\u00f5es e demiss\u00f5es.<\/p>\n\n\n\n<p>A \u00faltima vez em que a cria\u00e7\u00e3o de empregos tinha superado esse n\u00edvel foi em setembro de 2013, quando as admiss\u00f5es superaram as dispensas em 211.068.<br><br>A cria\u00e7\u00e3o de empregos totaliza 761.776&nbsp;de janeiro&nbsp;a setembro, 6% a mais que no mesmo per\u00edodo do ano passado.<\/p>\n\n\n\n<h2 class=\"wp-block-heading\">Setores<\/h2>\n\n\n\n<p>Na divis\u00e3o por ramos de atividade, sete dos oito setores pesquisados criaram empregos formais em setembro. O campe\u00e3o foi o setor de servi\u00e7os, com a abertura de 64.533 postos, seguido pela ind\u00fastria de transforma\u00e7\u00e3o (42.179 postos). Em terceiro lugar, vem o com\u00e9rcio (26.918 postos).<\/p>\n\n\n\n<p>O n\u00edvel de emprego aumentou na constru\u00e7\u00e3o civil (18.331 postos); na agropecu\u00e1ria (4.463 postos), no extrativismo mineral (745 postos) e na administra\u00e7\u00e3o p\u00fablica (492 postos). O \u00fanico setor que demitiu mais do que contratou foram os servi\u00e7os industriais de utilidade p\u00fablica, categoria que engloba energia e saneamento, com o fechamento de 448 postos.<\/p>\n\n\n\n<p>Tradicionalmente, a gera\u00e7\u00e3o de emprego \u00e9 alta em setembro, por causa da produ\u00e7\u00e3o da ind\u00fastria para o&nbsp;natal&nbsp;e do aquecimento do com\u00e9rcio e dos servi\u00e7os para as festas de fim de ano. Na agropecu\u00e1ria, o in\u00edcio da safra de cana-de-a\u00e7\u00facar \u00e9 a principal respons\u00e1vel pela gera\u00e7\u00e3o de empregos, principalmente no Nordeste.<\/p>\n\n\n\n<h2 class=\"wp-block-heading\">Regi\u00f5es<\/h2>\n\n\n\n<p>Todas as regi\u00f5es brasileiras criaram empregos com carteira assinada em setembro. O Nordeste liderou a abertura de vagas, com 57.035 postos, seguido pelo Sudeste (56.833 vagas) e pelo Sul (23.870 vagas). O Centro-Oeste criou 10.073 postos, e o Norte abriu 9.352 vagas formais no m\u00eas passado.<\/p>\n\n\n\n<p>Na divis\u00e3o por estados, todas as 27 unidades da Federa\u00e7\u00e3o geraram empregos no m\u00eas passado. As maiores varia\u00e7\u00f5es positivas no saldo de emprego ocorreram em S\u00e3o Paulo (abertura de 36.156 postos), em Pernambuco (17.630), em Alagoas (16.529) e no Rio&nbsp;de Janeiro&nbsp;(13.957).<\/p>\n\n\n\n<h2 class=\"wp-block-heading\">Rais<\/h2>\n\n\n\n<p>O Minist\u00e9rio da Economia tamb\u00e9m divulgou os n\u00fameros da Rela\u00e7\u00e3o Anual de Informa\u00e7\u00f5es Sociais (Rais) de 2018. O ano passado fechou com 46, 63 milh\u00f5es de v\u00ednculos, 349,52 mil a mais do que em 2017, o que corresponde a um aumento de 0,8% nos postos com carteira assinada no pa\u00eds.<\/p>\n\n\n\n<p>No ano passado, foram abertos na iniciativa privada 371.392 postos de trabalho com carteira assinadaa, 1,02% a mais do que em 2017. Houve crescimento em quatro das cinco regi\u00f5es do pa\u00eds, com lideran\u00e7a para o Nordeste, onde a oferta de vagas subiu 1,21%. A&nbsp;segunda&nbsp;maior alta foi registrada no Sul (1,1%), seguido pelo Norte (0,96%) e pelo Sudeste (0,67%). Apenas no Centro-Oeste, houve fechamento de postos de trabalho, com queda de 0,52%.<\/p>\n\n\n\n<p>Das 27 unidades da federa\u00e7\u00e3o, 19 fecharam com desempenho positivo no emprego formal \u2013 principalmente Maranh\u00e3o, Mato Grosso, Amap\u00e1, Santa Catarina e Amazonas.<\/p>\n\n\n\n<p>O aumento no emprego foi maior na faixa de trabalhadores de 40 a 49 anos, com a abertura de 258 mil vagas. Em segundo lugar, vieram os empregados de mais de 50 anos (153 mil vagas), seguido pela faixa de 30 a 39 anos (83 mil vagas). A diferen\u00e7a entre homens e mulheres diminuiu levemente, com o emprego feminino subindo de 40% em 2017 para 40,1% dos postos de trabalho em 2018.<\/p>\n\n\n\n<p>Em rela\u00e7\u00e3o \u00e0 escolaridade, o maior crescimento foi registrado entre os trabalhadores com ensino superior completo (458 mil vagas), seguido pelos que t\u00eam o ensino m\u00e9dio (373 mil) e o superior incompleto (69 mil). Nos demais n\u00edveis de educa\u00e7\u00e3o, houve fechamento de vagas.<\/p>\n","protected":false},"excerpt":{"rendered":"<p>Beneficiada pelos servi\u00e7os e pela ind\u00fastria, a cria\u00e7\u00e3o de empregos com carteira assinada atingiu, em setembro, o maior n\u00edvel para o m\u00eas em seis anos.&hellip; <\/p>\n","protected":false},"author":1,"featured_media":60214,"comment_status":"closed","ping_status":"closed","sticky":false,"template":"","format":"standard","meta":{"sfsi_plus_gutenberg_text_before_share":"","sfsi_plus_gutenberg_show_text_before_share":"","sfsi_plus_gutenberg_icon_type":"","sfsi_plus_gutenberg_icon_alignemt":"","sfsi_plus_gutenburg_max_per_row":"","footnotes":""},"categories":[2],"tags":[],"class_list":["post-127436","post","type-post","status-publish","format-standard","has-post-thumbnail","hentry","category-geral"],"_links":{"self":[{"href":"https:\/\/www.caririemacao.com\/1\/wp-json\/wp\/v2\/posts\/127436","targetHints":{"allow":["GET"]}}],"collection":[{"href":"https:\/\/www.caririemacao.com\/1\/wp-json\/wp\/v2\/posts"}],"about":[{"href":"https:\/\/www.caririemacao.com\/1\/wp-json\/wp\/v2\/types\/post"}],"author":[{"embeddable":true,"href":"https:\/\/www.caririemacao.com\/1\/wp-json\/wp\/v2\/users\/1"}],"replies":[{"embeddable":true,"href":"https:\/\/www.caririemacao.com\/1\/wp-json\/wp\/v2\/comments?post=127436"}],"version-history":[{"count":1,"href":"https:\/\/www.caririemacao.com\/1\/wp-json\/wp\/v2\/posts\/127436\/revisions"}],"predecessor-version":[{"id":127438,"href":"https:\/\/www.caririemacao.com\/1\/wp-json\/wp\/v2\/posts\/127436\/revisions\/127438"}],"wp:featuredmedia":[{"embeddable":true,"href":"https:\/\/www.caririemacao.com\/1\/wp-json\/wp\/v2\/media\/60214"}],"wp:attachment":[{"href":"https:\/\/www.caririemacao.com\/1\/wp-json\/wp\/v2\/media?parent=127436"}],"wp:term":[{"taxonomy":"category","embeddable":true,"href":"https:\/\/www.caririemacao.com\/1\/wp-json\/wp\/v2\/categories?post=127436"},{"taxonomy":"post_tag","embeddable":true,"href":"https:\/\/www.caririemacao.com\/1\/wp-json\/wp\/v2\/tags?post=127436"}],"curies":[{"name":"wp","href":"https:\/\/api.w.org\/{rel}","templated":true}]}}