{"id":127450,"date":"2019-10-17T20:08:24","date_gmt":"2019-10-17T23:08:24","guid":{"rendered":"http:\/\/www.caririemacao.com\/1\/?p=127450"},"modified":"2019-10-17T20:08:24","modified_gmt":"2019-10-17T23:08:24","slug":"engravidei-estando-gravida-revela-mae-de-gemeas","status":"publish","type":"post","link":"https:\/\/www.caririemacao.com\/1\/2019\/10\/17\/engravidei-estando-gravida-revela-mae-de-gemeas\/","title":{"rendered":"Engravidei estando gr\u00e1vida&#8221;, revela m\u00e3e de g\u00eameas"},"content":{"rendered":"\n<p>Segundo a digital influencer e m\u00e3e de tr\u00eas, Thaiana Zimermam Nunes, 24, Yris e Alice n\u00e3o foram geradas no mesmo momento. &#8220;Elas t\u00eam duas semanas de diferen\u00e7a. Engravidei, ovulei e engravidei novamente&#8221;. Entenda<\/p>\n\n\n\n<p>Engravidar j\u00e1 estando gr\u00e1vida, \u00e9 mesmo poss\u00edvel? A digital influencer Thaiana Zimermam Nunes, 24, da p\u00e1gina @treseperfeito, diz que ela e o marido, Bruno, passaram pela &#8220;experi\u00eancia&#8221;.&nbsp;<\/p>\n\n\n\n<p>Hoje, ela, que j\u00e1 era m\u00e3e de Gabriel, 5, tamb\u00e9m tem a duplinha Yris e Alice, 6 meses. Em entrevista \u00e0 CRESCER, ela contou como tudo aconteceu.<\/p>\n\n\n\n<p>&#8220;Foram quase duas semanas de diferen\u00e7a entre uma e outra&#8221;, contou.<br><\/p>\n\n\n\n<p>&#8220;Sempre quis ser m\u00e3e de menina. Com 15 anos, n\u00e3o tinha nem namorado e j\u00e1 comprava roupinhas e lacinhos. Quando conheci meu marido, mostrei tudo pra ele e j\u00e1 avisei que meu sonho era ser m\u00e3e. Meu primeiro beb\u00ea foi um menino, o Gabriel, que hoje est\u00e1 com 5 anos. Em 2016, engravidei novamente, mas, infelizmente, passei por um aborto. Cheguei a desistir de ter outro filho, mas em 2018, engravidei mais uma vez. Ficamos surpresos, pois foi de forma inesperada. Com 7 semanas, fiz um ultrassom, ouvi o cora\u00e7\u00e3ozinho e chorei de emo\u00e7\u00e3o. Mas durante o exame, a m\u00e9dica saiu da sala e chamou outra pessoa. Fiquei com medo, achando que algo estivesse errado. Quando elas voltaram me disseram que estava aparecendo outro saco gestacional nas imagens e eu teria que fazer um transvaginal. J\u00e1 comecei a tremer! O exame mostrou que era um saco gestacional em forma\u00e7\u00e3o, e os batimentos card\u00edacos ainda estavam bem fraquinhos. Ela explicou que acontece de a mulher ovular, engravidar, o corpo n\u00e3o reconhecer, ovular de novo e engravidar de um segundo beb\u00ea. Eram quase duas semanas de diferen\u00e7a entre uma e outra. Foi um susto, misturado com alegria, pois jamais imeginei ter tr\u00eas filhos. E foi aquela alegria e surpresa quando descobri que seriam duas meninas. Sonhei nove anos com uma menina e ganhei duas! Afinal, a &#8216;Thaiana louca&#8217; que juntava roupas de menina, iria ter duas filhas! Mas a gravidez n\u00e3o foi f\u00e1cil. Fiquei internada algumas vezes, tive hiper\u00eamese \u2014 que \u00e9 o excesso de enjoos e v\u00f4mitos \u2014, emagreci 15 quilos. Tamb\u00e9m tive colestase, que \u00e9 horr\u00edvel, co\u00e7a muito o corpo inteiro. Passei por muitas coisas, mas em abril de 2019, elas nasceram super saud\u00e1veis com 2,2kg e 2,4kg. N\u00e3o precisaram de UTI e fomos todas para casa. S\u00e3o meus milagres!&#8221;<\/p>\n\n\n\n<p><strong>Como \u00e9 poss\u00edvel?<\/strong><\/p>\n\n\n\n<p>O obstetra e ginecologista Marcelo Ponte, da Cl\u00ednica DUO +, explica que, embora seja uma condi\u00e7\u00e3o rara, pode acontecer. &#8220;\u00c9 chamada de superfeta\u00e7\u00e3o. \u00c9 quando a mulher ovula novamente no tempo de uma a quatro semanas depois de j\u00e1 ter engravidado. Ela acaba gerando uma gravidez dupla, como se fossem g\u00eameos, mas na verdade n\u00e3o foram concebidos no mesmo ato&#8221;, afirma o obstetra.<\/p>\n\n\n\n<p>No entanto, Marcelo diz que \u00e9 um diagn\u00f3stico dif\u00edcil de ser dado, pois, normalmente, quando o primeiro ultrassom \u00e9 feito, os beb\u00eas j\u00e1 est\u00e3o formados. Portanto, se estiverem em uma fase mais avan\u00e7ada da gesta\u00e7\u00e3o, s\u00e3o considerados g\u00eameos. A n\u00e3o ser que o diagn\u00f3stico seja realizado precocemente, possibilitando o m\u00e9dico de observar que os beb\u00eas foram gestados em momentos diferentes&#8221;, completa.<\/p>\n","protected":false},"excerpt":{"rendered":"<p>Segundo a digital influencer e m\u00e3e de tr\u00eas, Thaiana Zimermam Nunes, 24, Yris e Alice n\u00e3o foram geradas no mesmo momento. &#8220;Elas t\u00eam duas semanas&hellip; <\/p>\n","protected":false},"author":1,"featured_media":127452,"comment_status":"closed","ping_status":"closed","sticky":false,"template":"","format":"standard","meta":{"sfsi_plus_gutenberg_text_before_share":"","sfsi_plus_gutenberg_show_text_before_share":"","sfsi_plus_gutenberg_icon_type":"","sfsi_plus_gutenberg_icon_alignemt":"","sfsi_plus_gutenburg_max_per_row":"","footnotes":""},"categories":[2],"tags":[],"class_list":["post-127450","post","type-post","status-publish","format-standard","has-post-thumbnail","hentry","category-geral"],"_links":{"self":[{"href":"https:\/\/www.caririemacao.com\/1\/wp-json\/wp\/v2\/posts\/127450","targetHints":{"allow":["GET"]}}],"collection":[{"href":"https:\/\/www.caririemacao.com\/1\/wp-json\/wp\/v2\/posts"}],"about":[{"href":"https:\/\/www.caririemacao.com\/1\/wp-json\/wp\/v2\/types\/post"}],"author":[{"embeddable":true,"href":"https:\/\/www.caririemacao.com\/1\/wp-json\/wp\/v2\/users\/1"}],"replies":[{"embeddable":true,"href":"https:\/\/www.caririemacao.com\/1\/wp-json\/wp\/v2\/comments?post=127450"}],"version-history":[{"count":1,"href":"https:\/\/www.caririemacao.com\/1\/wp-json\/wp\/v2\/posts\/127450\/revisions"}],"predecessor-version":[{"id":127453,"href":"https:\/\/www.caririemacao.com\/1\/wp-json\/wp\/v2\/posts\/127450\/revisions\/127453"}],"wp:featuredmedia":[{"embeddable":true,"href":"https:\/\/www.caririemacao.com\/1\/wp-json\/wp\/v2\/media\/127452"}],"wp:attachment":[{"href":"https:\/\/www.caririemacao.com\/1\/wp-json\/wp\/v2\/media?parent=127450"}],"wp:term":[{"taxonomy":"category","embeddable":true,"href":"https:\/\/www.caririemacao.com\/1\/wp-json\/wp\/v2\/categories?post=127450"},{"taxonomy":"post_tag","embeddable":true,"href":"https:\/\/www.caririemacao.com\/1\/wp-json\/wp\/v2\/tags?post=127450"}],"curies":[{"name":"wp","href":"https:\/\/api.w.org\/{rel}","templated":true}]}}