{"id":127458,"date":"2019-10-18T07:36:44","date_gmt":"2019-10-18T10:36:44","guid":{"rendered":"http:\/\/www.caririemacao.com\/1\/?p=127458"},"modified":"2019-10-18T07:36:44","modified_gmt":"2019-10-18T10:36:44","slug":"sergio-moro-autoriza-envio-da-forca-nacional-de-seguranca-publica-para-paraiba","status":"publish","type":"post","link":"https:\/\/www.caririemacao.com\/1\/2019\/10\/18\/sergio-moro-autoriza-envio-da-forca-nacional-de-seguranca-publica-para-paraiba\/","title":{"rendered":"S\u00e9rgio Moro autoriza envio da For\u00e7a Nacional de Seguran\u00e7a P\u00fablica para Para\u00edba"},"content":{"rendered":"\n<p>O ministro da Justi\u00e7a e Seguran\u00e7a P\u00fablica, S\u00e9rgio Moro, autorizou o emprego da For\u00e7a Nacional de Seguran\u00e7a P\u00fablica em apoio ao Governo da Para\u00edba por um per\u00edodo de 90 dias. A determina\u00e7\u00e3o foi publicada nesta sexta-feira (18), no Di\u00e1rio oficial da Uni\u00e3o.&nbsp;<\/p>\n\n\n\n<p><a href=\"http:\/\/www.in.gov.br\/en\/web\/dou\/-\/portaria-n-774-de-17-de-outubro-de-2019-222548241\">Confira a publica\u00e7\u00e3o<\/a><\/p>\n\n\n\n<p>De acordo com a portaria publicada, o objetivo&nbsp;&nbsp;\u00e9 prestar apoio t\u00e9cnico operacional em avia\u00e7\u00e3o policial, em conson\u00e2ncia com os \u00f3rg\u00e3os integrantes&nbsp;do Sistema de Seguran\u00e7a do Estado.<\/p>\n\n\n\n<p>A opera\u00e7\u00e3o ter\u00e1 o apoio log\u00edstico do Governo da Para\u00edba&nbsp;que dever\u00e1 dispor da infraestrutura necess\u00e1ria \u00e0 For\u00e7a Nacional de Seguran\u00e7a P\u00fablica<\/p>\n\n\n\n<p>Ainda de acordo com a publica\u00e7\u00e3o, o contingente a ser disponibilizado obedecer\u00e1 ao planejamento definido pelo Minist\u00e9rio da Justi\u00e7a.&nbsp;<\/p>\n\n\n\n<p>O prazo do apoio prestado pela for\u00e7a de seguran\u00e7a poder\u00e1 ser prorrogado, caso haja necessidade. Mas, caso n\u00e3o seja solicitado, o efetivo ser\u00e1 imediatamente retirado ap\u00f3s o vencimento da portaria.<\/p>\n\n\n\n<p>A portaria entra em vigor a partir da data da publica\u00e7\u00e3o.&nbsp;<\/p>\n","protected":false},"excerpt":{"rendered":"<p>O ministro da Justi\u00e7a e Seguran\u00e7a P\u00fablica, S\u00e9rgio Moro, autorizou o emprego da For\u00e7a Nacional de Seguran\u00e7a P\u00fablica em apoio ao Governo da Para\u00edba por&hellip; <\/p>\n","protected":false},"author":1,"featured_media":106330,"comment_status":"closed","ping_status":"closed","sticky":false,"template":"","format":"standard","meta":{"sfsi_plus_gutenberg_text_before_share":"","sfsi_plus_gutenberg_show_text_before_share":"","sfsi_plus_gutenberg_icon_type":"","sfsi_plus_gutenberg_icon_alignemt":"","sfsi_plus_gutenburg_max_per_row":"","footnotes":""},"categories":[11],"tags":[],"class_list":["post-127458","post","type-post","status-publish","format-standard","has-post-thumbnail","hentry","category-politica"],"_links":{"self":[{"href":"https:\/\/www.caririemacao.com\/1\/wp-json\/wp\/v2\/posts\/127458","targetHints":{"allow":["GET"]}}],"collection":[{"href":"https:\/\/www.caririemacao.com\/1\/wp-json\/wp\/v2\/posts"}],"about":[{"href":"https:\/\/www.caririemacao.com\/1\/wp-json\/wp\/v2\/types\/post"}],"author":[{"embeddable":true,"href":"https:\/\/www.caririemacao.com\/1\/wp-json\/wp\/v2\/users\/1"}],"replies":[{"embeddable":true,"href":"https:\/\/www.caririemacao.com\/1\/wp-json\/wp\/v2\/comments?post=127458"}],"version-history":[{"count":1,"href":"https:\/\/www.caririemacao.com\/1\/wp-json\/wp\/v2\/posts\/127458\/revisions"}],"predecessor-version":[{"id":127460,"href":"https:\/\/www.caririemacao.com\/1\/wp-json\/wp\/v2\/posts\/127458\/revisions\/127460"}],"wp:featuredmedia":[{"embeddable":true,"href":"https:\/\/www.caririemacao.com\/1\/wp-json\/wp\/v2\/media\/106330"}],"wp:attachment":[{"href":"https:\/\/www.caririemacao.com\/1\/wp-json\/wp\/v2\/media?parent=127458"}],"wp:term":[{"taxonomy":"category","embeddable":true,"href":"https:\/\/www.caririemacao.com\/1\/wp-json\/wp\/v2\/categories?post=127458"},{"taxonomy":"post_tag","embeddable":true,"href":"https:\/\/www.caririemacao.com\/1\/wp-json\/wp\/v2\/tags?post=127458"}],"curies":[{"name":"wp","href":"https:\/\/api.w.org\/{rel}","templated":true}]}}