{"id":127480,"date":"2019-10-18T07:42:20","date_gmt":"2019-10-18T10:42:20","guid":{"rendered":"http:\/\/www.caririemacao.com\/1\/?p=127480"},"modified":"2019-10-18T07:42:20","modified_gmt":"2019-10-18T10:42:20","slug":"aumenta-numero-de-reeducandos-inscritos-no-encceja-e-enem","status":"publish","type":"post","link":"https:\/\/www.caririemacao.com\/1\/2019\/10\/18\/aumenta-numero-de-reeducandos-inscritos-no-encceja-e-enem\/","title":{"rendered":"Aumenta n\u00famero de reeducandos inscritos no Encceja e Enem"},"content":{"rendered":"\n<p>O Governo do Estado, por meio da Secretaria da Administra\u00e7\u00e3o Penitenci\u00e1ria (Seap) registrou aumento do n\u00famero de pessoas privadas de liberdade inscritas no Exame Nacional para Certifica\u00e7\u00e3o de Compet\u00eancias de Jovens e Adultos &#8211; Popula\u00e7\u00e3o Privada de Liberdade (Encceja-PPL). Em 2019, o registro \u00e9 de 1.092 inscritos em 60 estabelecimentos prisionais. Se comparado ao ano de 2017, com 906 inscritos, o percentual de crescimento, neste ano de 2019, foi de 20,5%.<\/p>\n\n\n\n<p>O secret\u00e1rio de Estado da Administra\u00e7\u00e3o Penitenci\u00e1ria, S\u00e9rgio Fonseca, avalia que o aumento no n\u00famero de inscritos \u00e9 resultado do compromisso do Governo do Estado com a pol\u00edtica de reintegra\u00e7\u00e3o social implementada no \u00e2mbito do sistema penitenci\u00e1rio. A unidade que mais teve reeducandos inscritos foi a Penitenci\u00e1ria de Seguran\u00e7a M\u00e1xima Geraldo Beltr\u00e3o, em Jo\u00e3o Pessoa, com 54 inscri\u00e7\u00f5es, um acr\u00e9scimo de 60% em rela\u00e7\u00e3o ao ano passado.<\/p>\n\n\n\n<p>De acordo com a gerente executiva de Ressocializa\u00e7\u00e3o da Secretaria de Estado da Administra\u00e7\u00e3o Penitenci\u00e1ria (Seap), Ziza Maia, o n\u00famero no ano de 2018 no Encceja-PPL foi de 951 inscritos.<\/p>\n\n\n\n<p>O Exame Nacional para Certifica\u00e7\u00e3o de Compet\u00eancias de Jovens e Adultos teve in\u00edcio no ano de 2013, o qual constitui-se em um exame para aferi\u00e7\u00e3o de compet\u00eancias, habilidades e saberes adquiridos no processo escolar ou nos processos formativos que se desenvolvem na vida familiar, na conviv\u00eancia humana, no trabalho, nos movimentos sociais e organiza\u00e7\u00f5es da sociedade civil e nas manifesta\u00e7\u00f5es culturais.<\/p>\n\n\n\n<p>Esse exame foi aplicado nas unidades prisionais nos anos de 2013 e 2014 e tinha como objetivo a certifica\u00e7\u00e3o no ensino fundamental. Houve um intervalo entre 2015 e 2016, n\u00e3o sendo aplicado em todo o sistema penitenci\u00e1rio brasileiro. No ano de 2017, o Encceja voltou a ser aplicado para Popula\u00e7\u00e3o Privada de Liberdade no interior das unidades prisionais, e passou a certificar nos n\u00edveis fundamental e m\u00e9dio.<\/p>\n\n\n\n<p>Este ano, as provas do Encceja foram aplicadas atrav\u00e9s do consorcio CAED contratado pelo Instituto Nacional de Estudos e Pesquisa Educacionais An\u00edsio Teixeira (Inep) nos dias 8 e 9 de outubro. No dia 8 de outubro, as provas para o ensino fundamental foram: Ci\u00eancias Naturais, Hist\u00f3ria e Geografia, L\u00edngua Portuguesa, L\u00edngua Estrangeira Moderna, Artes, Educa\u00e7\u00e3o F\u00edsica e Reda\u00e7\u00e3o, al\u00e9m de Matem\u00e1tica. No dia 9 foram aplicadas as provas para o ensino m\u00e9dio: Ci\u00eancias da Natureza e suas Tecnologias, Ci\u00eancias Humanas e suas Tecnologias, Linguagens e C\u00f3digos e suas Tecnologia, al\u00e9m das de Reda\u00e7\u00e3o e Matem\u00e1tica.<\/p>\n\n\n\n<p><strong>ENEM<\/strong>&nbsp;&#8211; Os reeducandos das unidades prisionais do estado este ano tamb\u00e9m iniciam a prepara\u00e7\u00e3o para o Exame Nacional do Ensino M\u00e9dio (Enem). A Seap contabiliza 698 inscritos, um aumento de 55,8%, em compara\u00e7\u00e3o aos 448 inscritos no ano de 2017. Em 2018 o Enem teve 503 inscritos. As provas do Exame ser\u00e3o aplicadas em 57 unidades prisionais e ocorrer\u00e3o nos dias 10 e 11 de dezembro.<\/p>\n","protected":false},"excerpt":{"rendered":"<p>O Governo do Estado, por meio da Secretaria da Administra\u00e7\u00e3o Penitenci\u00e1ria (Seap) registrou aumento do n\u00famero de pessoas privadas de liberdade inscritas no Exame Nacional&hellip; <\/p>\n","protected":false},"author":1,"featured_media":39250,"comment_status":"closed","ping_status":"closed","sticky":false,"template":"","format":"standard","meta":{"sfsi_plus_gutenberg_text_before_share":"","sfsi_plus_gutenberg_show_text_before_share":"","sfsi_plus_gutenberg_icon_type":"","sfsi_plus_gutenberg_icon_alignemt":"","sfsi_plus_gutenburg_max_per_row":"","footnotes":""},"categories":[2],"tags":[],"class_list":["post-127480","post","type-post","status-publish","format-standard","has-post-thumbnail","hentry","category-geral"],"_links":{"self":[{"href":"https:\/\/www.caririemacao.com\/1\/wp-json\/wp\/v2\/posts\/127480","targetHints":{"allow":["GET"]}}],"collection":[{"href":"https:\/\/www.caririemacao.com\/1\/wp-json\/wp\/v2\/posts"}],"about":[{"href":"https:\/\/www.caririemacao.com\/1\/wp-json\/wp\/v2\/types\/post"}],"author":[{"embeddable":true,"href":"https:\/\/www.caririemacao.com\/1\/wp-json\/wp\/v2\/users\/1"}],"replies":[{"embeddable":true,"href":"https:\/\/www.caririemacao.com\/1\/wp-json\/wp\/v2\/comments?post=127480"}],"version-history":[{"count":1,"href":"https:\/\/www.caririemacao.com\/1\/wp-json\/wp\/v2\/posts\/127480\/revisions"}],"predecessor-version":[{"id":127482,"href":"https:\/\/www.caririemacao.com\/1\/wp-json\/wp\/v2\/posts\/127480\/revisions\/127482"}],"wp:featuredmedia":[{"embeddable":true,"href":"https:\/\/www.caririemacao.com\/1\/wp-json\/wp\/v2\/media\/39250"}],"wp:attachment":[{"href":"https:\/\/www.caririemacao.com\/1\/wp-json\/wp\/v2\/media?parent=127480"}],"wp:term":[{"taxonomy":"category","embeddable":true,"href":"https:\/\/www.caririemacao.com\/1\/wp-json\/wp\/v2\/categories?post=127480"},{"taxonomy":"post_tag","embeddable":true,"href":"https:\/\/www.caririemacao.com\/1\/wp-json\/wp\/v2\/tags?post=127480"}],"curies":[{"name":"wp","href":"https:\/\/api.w.org\/{rel}","templated":true}]}}