{"id":127505,"date":"2019-10-18T07:45:47","date_gmt":"2019-10-18T10:45:47","guid":{"rendered":"http:\/\/www.caririemacao.com\/1\/?p=127505"},"modified":"2019-10-18T07:45:47","modified_gmt":"2019-10-18T10:45:47","slug":"psicologia-da-ufpb-inscreve-pacientes-voluntarios-para-tratamento","status":"publish","type":"post","link":"https:\/\/www.caririemacao.com\/1\/2019\/10\/18\/psicologia-da-ufpb-inscreve-pacientes-voluntarios-para-tratamento\/","title":{"rendered":"Psicologia da UFPB inscreve pacientes volunt\u00e1rios para tratamento"},"content":{"rendered":"\n<p> O Laborat\u00f3rio de Pesquisa em Cogni\u00e7\u00e3o e Comportamento (Lapecc) do Departamento de Psicologia da Universidade Federal da Para\u00edba (UFPB) est\u00e1 inscrevendo pacientes depressivos para tratamento experimental.\u00a0<\/p>\n\n\n\n<p>Ser\u00e3o aceitas as inscri\u00e7\u00f5es de at\u00e9 50 pacientes, com idade entre 20 e 50 anos e que estejam em depress\u00e3o. A informa\u00e7\u00e3o \u00e9 da professora Melyssa Cavalcanti Galdino, professora do Departamento de Psicologia.<\/p>\n\n\n\n<p>Ela explicou que o tratamento ser\u00e1 feito por meio de Estimula\u00e7\u00e3o Transcraniana Por Corrente Direta (ETCC), um treinamento desenvolvido em sua pesquisa de P\u00f3s-Doutorado que est\u00e1 sendo realizada no Programa de Psiquiatria e Sa\u00fade Mental (PROPSAM) da Universidade Federal do Rio de Janeiro (UFRJ).<\/p>\n\n\n\n<p>A pesquisa \u00e9 supervisionada pelo psiquiatra Ant\u00f4nio Eg\u00eddio Nardi e j\u00e1 foi aprovada pelo Comit\u00ea de \u00c9tica UFPB. A professora Melyssa Cavalcanti contou que diversos estudos apontam que a ETCC pode auxiliar no tratamento de doen\u00e7as neuropsiqui\u00e1tricas, Acidente Vascular Cerebral (AVC), fibromialgia ou at\u00e9 mesmo depend\u00eancias qu\u00edmicas.<\/p>\n\n\n\n<p>O tratamento tem dura\u00e7\u00e3o de cinco dias e os pacientes que queiram participar devem se submeter a alguns crit\u00e9rios r\u00edgidos de sele\u00e7\u00e3o por se tratar de um ensaio cl\u00ednico. O candidato n\u00e3o pode estar em processo de terapia, n\u00e3o pode ser paciente com depress\u00e3o bipolar e n\u00e3o pode ter sintomas psic\u00f3ticos ou comorbidades com transtorno obsessivo compulsivo.<\/p>\n\n\n\n<p>Os interessados podem se inscrever at\u00e9 o dia 30 de outubro pelo email: memoriasautobiograficas.lapecc@gmail.com. Tamb\u00e9m podem tirar suas d\u00favidas pelos telefones:&nbsp; (83) 98819-4582 ou (83) 98767-3151<\/p>\n","protected":false},"excerpt":{"rendered":"<p>O Laborat\u00f3rio de Pesquisa em Cogni\u00e7\u00e3o e Comportamento (Lapecc) do Departamento de Psicologia da Universidade Federal da Para\u00edba (UFPB) est\u00e1 inscrevendo pacientes depressivos para tratamento&hellip; <\/p>\n","protected":false},"author":1,"featured_media":115604,"comment_status":"closed","ping_status":"closed","sticky":false,"template":"","format":"standard","meta":{"sfsi_plus_gutenberg_text_before_share":"","sfsi_plus_gutenberg_show_text_before_share":"","sfsi_plus_gutenberg_icon_type":"","sfsi_plus_gutenberg_icon_alignemt":"","sfsi_plus_gutenburg_max_per_row":"","footnotes":""},"categories":[14],"tags":[],"class_list":["post-127505","post","type-post","status-publish","format-standard","has-post-thumbnail","hentry","category-educacao"],"_links":{"self":[{"href":"https:\/\/www.caririemacao.com\/1\/wp-json\/wp\/v2\/posts\/127505","targetHints":{"allow":["GET"]}}],"collection":[{"href":"https:\/\/www.caririemacao.com\/1\/wp-json\/wp\/v2\/posts"}],"about":[{"href":"https:\/\/www.caririemacao.com\/1\/wp-json\/wp\/v2\/types\/post"}],"author":[{"embeddable":true,"href":"https:\/\/www.caririemacao.com\/1\/wp-json\/wp\/v2\/users\/1"}],"replies":[{"embeddable":true,"href":"https:\/\/www.caririemacao.com\/1\/wp-json\/wp\/v2\/comments?post=127505"}],"version-history":[{"count":1,"href":"https:\/\/www.caririemacao.com\/1\/wp-json\/wp\/v2\/posts\/127505\/revisions"}],"predecessor-version":[{"id":127507,"href":"https:\/\/www.caririemacao.com\/1\/wp-json\/wp\/v2\/posts\/127505\/revisions\/127507"}],"wp:featuredmedia":[{"embeddable":true,"href":"https:\/\/www.caririemacao.com\/1\/wp-json\/wp\/v2\/media\/115604"}],"wp:attachment":[{"href":"https:\/\/www.caririemacao.com\/1\/wp-json\/wp\/v2\/media?parent=127505"}],"wp:term":[{"taxonomy":"category","embeddable":true,"href":"https:\/\/www.caririemacao.com\/1\/wp-json\/wp\/v2\/categories?post=127505"},{"taxonomy":"post_tag","embeddable":true,"href":"https:\/\/www.caririemacao.com\/1\/wp-json\/wp\/v2\/tags?post=127505"}],"curies":[{"name":"wp","href":"https:\/\/api.w.org\/{rel}","templated":true}]}}