{"id":127535,"date":"2019-10-18T07:53:43","date_gmt":"2019-10-18T10:53:43","guid":{"rendered":"http:\/\/www.caririemacao.com\/1\/?p=127535"},"modified":"2019-10-18T07:53:43","modified_gmt":"2019-10-18T10:53:43","slug":"bolsonaro-suspende-indicacao-de-eduardo-para-embaixada-dos-eua","status":"publish","type":"post","link":"https:\/\/www.caririemacao.com\/1\/2019\/10\/18\/bolsonaro-suspende-indicacao-de-eduardo-para-embaixada-dos-eua\/","title":{"rendered":"Bolsonaro suspende indica\u00e7\u00e3o de Eduardo para embaixada dos EUA"},"content":{"rendered":"\n<p> A crise do PSL e a falta de votos no Senado para aprovar Eduardo Bolsonaro como embaixador nos Estados Unidos fizeram Jair Bolsonaro suspender os planos de indicar o Zero Tr\u00eas para o posto em Washington.<\/p>\n\n\n\n<p>Interlocutores diretos de Eduardo afirmaram que \u00e9 &#8220;zero&#8221; a chance de Bolsonaro enviar a indica\u00e7\u00e3o em 2019.<\/p>\n\n\n\n<p>A informa\u00e7\u00e3o foi confirmada com duas fontes, que avaliam que, se sair, a indica\u00e7\u00e3o seria mais pr\u00f3xima do fim do mandato do Zero Tr\u00eas, ou seja, em 2022.<\/p>\n\n\n\n<p>Eduardo Bolsonaro se reuniu com o pai hoje pela manh\u00e3. Falaram sobre a crise no PSL, e sobre a import\u00e2ncia de sua presen\u00e7a na C\u00e2mara, independentemente de assumir ou n\u00e3o a lideran\u00e7a no lugar de Delegado Waldir, como ocorreu ontem por algumas horas.<\/p>\n\n\n\n<p>Bolsonaro dever\u00e1 atribuir a desist\u00eancia exclusivamente \u00e0 necessidade de ter Eduardo ajudando na articula\u00e7\u00e3o pol\u00edtica. Oficialmente, o discurso ser\u00e1 de que Eduardo teria maioria \u2014 conforme o pr\u00f3prio disse \u00e0 coluna na ter\u00e7a-feira.<\/p>\n\n\n\n<p>No Itamaraty, a not\u00edcia da desist\u00eancia tamb\u00e9m j\u00e1 vinha circulando. Diplomatas tamb\u00e9m especulam se Bolsonaro n\u00e3o cumpriria o que disse l\u00e1 atr\u00e1s e colocar Eduardo como chanceler no lugar de Ernesto Ara\u00fajo.<\/p>\n\n\n\n<p>Segundo interlocutores de Eduardo, n\u00e3o existe essa possibilidade. O deputado dever\u00e1 permanecer na C\u00e2mara.<\/p>\n","protected":false},"excerpt":{"rendered":"<p>A crise do PSL e a falta de votos no Senado para aprovar Eduardo Bolsonaro como embaixador nos Estados Unidos fizeram Jair Bolsonaro suspender os&hellip; <\/p>\n","protected":false},"author":1,"featured_media":127537,"comment_status":"closed","ping_status":"closed","sticky":false,"template":"","format":"standard","meta":{"sfsi_plus_gutenberg_text_before_share":"","sfsi_plus_gutenberg_show_text_before_share":"","sfsi_plus_gutenberg_icon_type":"","sfsi_plus_gutenberg_icon_alignemt":"","sfsi_plus_gutenburg_max_per_row":"","footnotes":""},"categories":[11],"tags":[],"class_list":["post-127535","post","type-post","status-publish","format-standard","has-post-thumbnail","hentry","category-politica"],"_links":{"self":[{"href":"https:\/\/www.caririemacao.com\/1\/wp-json\/wp\/v2\/posts\/127535","targetHints":{"allow":["GET"]}}],"collection":[{"href":"https:\/\/www.caririemacao.com\/1\/wp-json\/wp\/v2\/posts"}],"about":[{"href":"https:\/\/www.caririemacao.com\/1\/wp-json\/wp\/v2\/types\/post"}],"author":[{"embeddable":true,"href":"https:\/\/www.caririemacao.com\/1\/wp-json\/wp\/v2\/users\/1"}],"replies":[{"embeddable":true,"href":"https:\/\/www.caririemacao.com\/1\/wp-json\/wp\/v2\/comments?post=127535"}],"version-history":[{"count":1,"href":"https:\/\/www.caririemacao.com\/1\/wp-json\/wp\/v2\/posts\/127535\/revisions"}],"predecessor-version":[{"id":127538,"href":"https:\/\/www.caririemacao.com\/1\/wp-json\/wp\/v2\/posts\/127535\/revisions\/127538"}],"wp:featuredmedia":[{"embeddable":true,"href":"https:\/\/www.caririemacao.com\/1\/wp-json\/wp\/v2\/media\/127537"}],"wp:attachment":[{"href":"https:\/\/www.caririemacao.com\/1\/wp-json\/wp\/v2\/media?parent=127535"}],"wp:term":[{"taxonomy":"category","embeddable":true,"href":"https:\/\/www.caririemacao.com\/1\/wp-json\/wp\/v2\/categories?post=127535"},{"taxonomy":"post_tag","embeddable":true,"href":"https:\/\/www.caririemacao.com\/1\/wp-json\/wp\/v2\/tags?post=127535"}],"curies":[{"name":"wp","href":"https:\/\/api.w.org\/{rel}","templated":true}]}}