{"id":127550,"date":"2019-10-18T07:55:18","date_gmt":"2019-10-18T10:55:18","guid":{"rendered":"http:\/\/www.caririemacao.com\/1\/?p=127550"},"modified":"2019-10-18T07:55:18","modified_gmt":"2019-10-18T10:55:18","slug":"lider-do-psl-que-prometeu-implodir-bolsonaro-recua-e-diz-nao-ter-nada-contra-o-presidente","status":"publish","type":"post","link":"https:\/\/www.caririemacao.com\/1\/2019\/10\/18\/lider-do-psl-que-prometeu-implodir-bolsonaro-recua-e-diz-nao-ter-nada-contra-o-presidente\/","title":{"rendered":"L\u00edder do PSL que prometeu &#8216;implodir&#8217; Bolsonaro recua e diz n\u00e3o ter nada contra o presidente"},"content":{"rendered":"\n<p>Delegado Waldir foi questionado sobre \u00e1udio no qual tamb\u00e9m chama presidente de &#8216;vagabundo&#8217;. &#8216;Somos que nem mulher tra\u00edda. Apanha, n\u00e3o \u00e9? Mas mesmo assim volta ao aconchego&#8217;, afirmou.<\/p>\n\n\n\n<p>O l\u00edder do PSL na C\u00e2mara, deputado Delegado Waldir (PSL-GO), afirmou nesta quinta-feira (17) n\u00e3o ter &#8220;nada&#8221; para usar contra o presidente Jair Bolsonaro. Disse tamb\u00e9m querer &#8220;pacificar&#8221; a bancada do partido.<\/p>\n\n\n\n<p><strong>LEIA MAIS<\/strong>:&nbsp;<a href=\"https:\/\/www.clickpb.com.br\/politica\/lider-do-psl-na-camara-afirma-que-vai-implodir-bolsonaro-270067.html\">L\u00edder do PSL na C\u00e2mara afirma que vai &#8216;implodir&#8217; Bolsonaro<\/a><\/p>\n\n\n\n<p>Waldir deu a declara\u00e7\u00e3o ao ser questionado sobre a grava\u00e7\u00e3o na qual afirmar querer &#8220;implodir&#8221; Bolsonaro, a quem chamou de &#8220;vagabundo&#8221;. Ele participava de um almo\u00e7o do presidente do PSL, Luciano Bivar, com aliados.<\/p>\n\n\n\n<p>Bolsonaro fez uma transmiss\u00e3o ao vivo em uma rede social na noite desta quinta-feira, mas n\u00e3o comentou a crise envolvendo o PSL.<\/p>\n\n\n\n<p>Segundo Waldir, a declara\u00e7\u00e3o, dada em meio \u00e0 crise que atinge o PSL, foi feita em um &#8220;momento de emo\u00e7\u00e3o&#8221;.<\/p>\n\n\n\n<p>&#8220;O que o senhor tem para implodir o presidente?&#8221;, indagou um jornalista.<\/p>\n\n\n\n<p>&#8220;Nada. \u00c9 s\u00f3 quest\u00e3o de&#8230; \u00c9 uma fala de emo\u00e7\u00e3o, n\u00e9? Um momento de sentimento&#8221;, respondeu o l\u00edder.<\/p>\n\n\n\n<p>&#8220;\u00c9 uma fala num momento de emo\u00e7\u00e3o, n\u00e9? \u00c9 uma fala quando voc\u00ea percebe a ingratid\u00e3o. Tenho que buscar as palavras. Tenho que buscar as palavras&#8221;, acrescentou.<\/p>\n\n\n\n<p>Questionado, ent\u00e3o, se a crise passou, Delagado Waldir respondeu: &#8220;N\u00f3s somos Bolsonaro. N\u00f3s somos que nem mulher tra\u00edda. Apanha, n\u00e3o \u00e9? Mas mesmo assim ela volta ao aconchego&#8221;.<\/p>\n\n\n\n<p>Na sequ\u00eancia, o deputado declarou ser poss\u00edvel &#8220;pacificar&#8221; a bancada do PSL. Segundo ele, os 53 parlamentares votar\u00e3o &#8220;integralmente&#8221; conforme os interesses do governo.<\/p>\n\n\n\n<p>&#8220;N\u00e3o tem nenhuma ruptura, n\u00e3o tem nenhuma persegui\u00e7\u00e3o, n\u00e3o tem nada&#8221;, completou.<\/p>\n\n\n\n<p><strong>Crise no PSL<\/strong><\/p>\n\n\n\n<p>O PSL enfrenta uma crise que envolve o comando da legenda, o Pal\u00e1cio do Planalto e os parlamentares no Congresso.<\/p>\n\n\n\n<p>Desde a semana passada, as alas ligadas a Bolsonaro e ao presidente do partido, Luciano Bivar, travaram uma disputa interna.<\/p>\n\n\n\n<p>A crise come\u00e7ou quando o presidente da Rep\u00fablica se dirigiu a um apoiador e o pediu para &#8220;esquecer&#8221; o PSL porque Bivar est\u00e1 &#8220;queimado para caramba&#8221;.<\/p>\n\n\n\n<p><strong>Disputa pela lideran\u00e7a<\/strong><\/p>\n\n\n\n<p>Delegado Waldir \u00e9 ligado a Luciano Bivar. Nesta quarta, o l\u00edder do governo na C\u00e2mara, deputado Major Vitor Hugo (PSL-GO), ligado a Bolsonaro, anunciou uma lista para tir\u00e1-lo do posto e p\u00f4r Eduardo Bolsonaro (PSL-SP), filho do presidente da Rep\u00fablica.<\/p>\n\n\n\n<p>Logo em seguida, por\u00e9m, Waldir conseguiu uma outra lista, para retomar o posto.<\/p>\n\n\n\n<p>Mais cedo, nesta quinta-feira, a C\u00e2mara dos Deputados validou a lista que mant\u00e9m Delegado Waldir na lideran\u00e7a do PSL na C\u00e2mara.<\/p>\n\n\n\n<p>Tamb\u00e9m nesta quinta, o presidente Jair Bolsonaro tirou a deputada Joice Hasselmann (PSL-SP) do posto de l\u00edder do governo no Congresso. Joice assinou a lista que devolvia a Waldir a lideran\u00e7a do PSL.<\/p>\n\n\n\n<p>Cabe ao l\u00edder de bancada, por exemplo, orientar o voto dos deputados conforme os interesses do partido; indicar representantes da legenda nas comiss\u00f5es; e articular com os parlamentares a atua\u00e7\u00e3o pol\u00edtica no Congresso.<\/p>\n\n\n\n<p><strong>Rela\u00e7\u00e3o de Bolsonaro e Bivar<\/strong><\/p>\n\n\n\n<p>A colunista do G1 e da GloboNews Andr\u00e9ia Sadi informou que Luciano Bivar tem dito a aliados que a rela\u00e7\u00e3o entre ele e Bolsonaro &#8220;n\u00e3o tem volta&#8221;.<\/p>\n\n\n\n<p>Questionado nesta quarta-feira sobre o assunto, Bolsonaro afirmou que &#8220;nunca&#8221; teve rela\u00e7\u00e3o com Bivar. Em seguida, disse que havia feito uma brincadeira.<\/p>\n\n\n\n<p>Luciano Bivar, por sua vez, divulgou um texto nesta quarta afirmando, sem citar nomes, que &#8220;interesses pessoais&#8221; t\u00eam criado &#8220;fatos artificiais&#8221;.<\/p>\n","protected":false},"excerpt":{"rendered":"<p>Delegado Waldir foi questionado sobre \u00e1udio no qual tamb\u00e9m chama presidente de &#8216;vagabundo&#8217;. &#8216;Somos que nem mulher tra\u00edda. Apanha, n\u00e3o \u00e9? Mas mesmo assim volta&hellip; <\/p>\n","protected":false},"author":1,"featured_media":127553,"comment_status":"closed","ping_status":"closed","sticky":false,"template":"","format":"standard","meta":{"sfsi_plus_gutenberg_text_before_share":"","sfsi_plus_gutenberg_show_text_before_share":"","sfsi_plus_gutenberg_icon_type":"","sfsi_plus_gutenberg_icon_alignemt":"","sfsi_plus_gutenburg_max_per_row":"","footnotes":""},"categories":[11],"tags":[],"class_list":["post-127550","post","type-post","status-publish","format-standard","has-post-thumbnail","hentry","category-politica"],"_links":{"self":[{"href":"https:\/\/www.caririemacao.com\/1\/wp-json\/wp\/v2\/posts\/127550","targetHints":{"allow":["GET"]}}],"collection":[{"href":"https:\/\/www.caririemacao.com\/1\/wp-json\/wp\/v2\/posts"}],"about":[{"href":"https:\/\/www.caririemacao.com\/1\/wp-json\/wp\/v2\/types\/post"}],"author":[{"embeddable":true,"href":"https:\/\/www.caririemacao.com\/1\/wp-json\/wp\/v2\/users\/1"}],"replies":[{"embeddable":true,"href":"https:\/\/www.caririemacao.com\/1\/wp-json\/wp\/v2\/comments?post=127550"}],"version-history":[{"count":1,"href":"https:\/\/www.caririemacao.com\/1\/wp-json\/wp\/v2\/posts\/127550\/revisions"}],"predecessor-version":[{"id":127554,"href":"https:\/\/www.caririemacao.com\/1\/wp-json\/wp\/v2\/posts\/127550\/revisions\/127554"}],"wp:featuredmedia":[{"embeddable":true,"href":"https:\/\/www.caririemacao.com\/1\/wp-json\/wp\/v2\/media\/127553"}],"wp:attachment":[{"href":"https:\/\/www.caririemacao.com\/1\/wp-json\/wp\/v2\/media?parent=127550"}],"wp:term":[{"taxonomy":"category","embeddable":true,"href":"https:\/\/www.caririemacao.com\/1\/wp-json\/wp\/v2\/categories?post=127550"},{"taxonomy":"post_tag","embeddable":true,"href":"https:\/\/www.caririemacao.com\/1\/wp-json\/wp\/v2\/tags?post=127550"}],"curies":[{"name":"wp","href":"https:\/\/api.w.org\/{rel}","templated":true}]}}