{"id":127555,"date":"2019-10-18T07:56:53","date_gmt":"2019-10-18T10:56:53","guid":{"rendered":"http:\/\/www.caririemacao.com\/1\/?p=127555"},"modified":"2019-10-18T07:56:53","modified_gmt":"2019-10-18T10:56:53","slug":"homem-sofre-descarga-eletrica-em-teixeira","status":"publish","type":"post","link":"https:\/\/www.caririemacao.com\/1\/2019\/10\/18\/homem-sofre-descarga-eletrica-em-teixeira\/","title":{"rendered":"Homem sofre descarga el\u00e9trica em Teixeira"},"content":{"rendered":"\n<p>Um homem de 61 anos sofreu uma descarga el\u00e9trica enquanto consertava uma calha, na tarde desta quarta-feira (16), em Teixeira, no interior da Para\u00edba.<\/p>\n\n\n\n<p>Osmar Ferreira dos Santos, 61 anos, estava consertando uma calha no telhado de uma resid\u00eancia na Rua Professora Maria do Socorro Leite, no bairro Tr\u00eas Postes. Ao topar no zinco, sofreu uma descarga el\u00e9trica.&nbsp;<\/p>\n\n\n\n<p>Rapidamente, outra pessoa que estava pr\u00f3xima ao controle geral de energia da resid\u00eancia, ao perceber que o homem sofria uma descarga el\u00e9trica, desligou a energia da casa.<\/p>\n\n\n\n<p>O Servi\u00e7o de Atendimento M\u00f3vel de Urg\u00eancia (SAMU) foi acionado e prestou os primeiros socorros com o aux\u00edlio do Bombeiros civis da cidade. Osmar estava consciente, mas precisou ser levado para o Complexo Hospitalar de Patos.<\/p>\n\n\n\n<p>Ele foi encaminhado para a unidade hospitalar e n\u00e3o corre risco de morte.<\/p>\n","protected":false},"excerpt":{"rendered":"<p>Um homem de 61 anos sofreu uma descarga el\u00e9trica enquanto consertava uma calha, na tarde desta quarta-feira (16), em Teixeira, no interior da Para\u00edba. Osmar&hellip; <\/p>\n","protected":false},"author":1,"featured_media":86443,"comment_status":"closed","ping_status":"closed","sticky":false,"template":"","format":"standard","meta":{"sfsi_plus_gutenberg_text_before_share":"","sfsi_plus_gutenberg_show_text_before_share":"","sfsi_plus_gutenberg_icon_type":"","sfsi_plus_gutenberg_icon_alignemt":"","sfsi_plus_gutenburg_max_per_row":"","footnotes":""},"categories":[2],"tags":[],"class_list":["post-127555","post","type-post","status-publish","format-standard","has-post-thumbnail","hentry","category-geral"],"_links":{"self":[{"href":"https:\/\/www.caririemacao.com\/1\/wp-json\/wp\/v2\/posts\/127555","targetHints":{"allow":["GET"]}}],"collection":[{"href":"https:\/\/www.caririemacao.com\/1\/wp-json\/wp\/v2\/posts"}],"about":[{"href":"https:\/\/www.caririemacao.com\/1\/wp-json\/wp\/v2\/types\/post"}],"author":[{"embeddable":true,"href":"https:\/\/www.caririemacao.com\/1\/wp-json\/wp\/v2\/users\/1"}],"replies":[{"embeddable":true,"href":"https:\/\/www.caririemacao.com\/1\/wp-json\/wp\/v2\/comments?post=127555"}],"version-history":[{"count":1,"href":"https:\/\/www.caririemacao.com\/1\/wp-json\/wp\/v2\/posts\/127555\/revisions"}],"predecessor-version":[{"id":127557,"href":"https:\/\/www.caririemacao.com\/1\/wp-json\/wp\/v2\/posts\/127555\/revisions\/127557"}],"wp:featuredmedia":[{"embeddable":true,"href":"https:\/\/www.caririemacao.com\/1\/wp-json\/wp\/v2\/media\/86443"}],"wp:attachment":[{"href":"https:\/\/www.caririemacao.com\/1\/wp-json\/wp\/v2\/media?parent=127555"}],"wp:term":[{"taxonomy":"category","embeddable":true,"href":"https:\/\/www.caririemacao.com\/1\/wp-json\/wp\/v2\/categories?post=127555"},{"taxonomy":"post_tag","embeddable":true,"href":"https:\/\/www.caririemacao.com\/1\/wp-json\/wp\/v2\/tags?post=127555"}],"curies":[{"name":"wp","href":"https:\/\/api.w.org\/{rel}","templated":true}]}}