{"id":127588,"date":"2019-10-18T08:02:35","date_gmt":"2019-10-18T11:02:35","guid":{"rendered":"http:\/\/www.caririemacao.com\/1\/?p=127588"},"modified":"2019-10-18T08:02:35","modified_gmt":"2019-10-18T11:02:35","slug":"mpf-pede-a-absolvicao-dos-ex-presidentes-lula-e-dilma-no-caso-do-quadrilhao-do-pt","status":"publish","type":"post","link":"https:\/\/www.caririemacao.com\/1\/2019\/10\/18\/mpf-pede-a-absolvicao-dos-ex-presidentes-lula-e-dilma-no-caso-do-quadrilhao-do-pt\/","title":{"rendered":"MPF pede a absolvi\u00e7\u00e3o dos ex-presidentes Lula e Dilma no caso do \u2018quadrilh\u00e3o do PT\u2019"},"content":{"rendered":"\n<p>&nbsp;O MPF (Minist\u00e9rio P\u00fablico Federal) pediu a absolvi\u00e7\u00e3o sum\u00e1ria dos ex-presidentes Luiz In\u00e1cio Lula da Silva e Dilma Roussef, al\u00e9m do ex-tesoureiro do PT Jo\u00e3o Vaccari Neto e dos ex-ministros Antonio Palocci Filho e Guido Mantega, em a\u00e7\u00e3o referente ao chamado \u201cquadrilh\u00e3o do PT\u201d.<\/p>\n\n\n\n<p>O texto, assinado pela procuradora Marcia Brand\u00e3o Zollinger, diz que \u201cn\u00e3o h\u00e1 o pretendido dom\u00ednio por parte dos denunciados, especialmente os ex-presidentes da Rep\u00fablica, a respeito dos atos criminosos, que obviamente merecem apura\u00e7\u00e3o e responsabiliza\u00e7\u00e3o e s\u00e3o objeto de a\u00e7\u00f5es penais aut\u00f4nomas, cometidos no interior das Diretorias da Petrobras e de outras empresas p\u00fablicas\u201d.<\/p>\n\n\n\n<p>A den\u00fancia foi apresentada em setembro de 2017 pelo ent\u00e3o procurador-geral da Rep\u00fablica, Rodrigo Janot, ao STF (Supremo Tribunal Federal). Segundo ela, os dois ex-mandat\u00e1rios tiveram participa\u00e7\u00e3o em um esquema montado para coletar propinas de R$ 1,48 bilh\u00e3o entre 2002 e 2016.<\/p>\n\n\n\n<p>As vantagens il\u00edcitas teriam sido pagas em contratos da Petrobras, do BNDES (Banco Nacional do Desenvolvimento) e do Minist\u00e9rio do Planejamento.<\/p>\n","protected":false},"excerpt":{"rendered":"<p>&nbsp;O MPF (Minist\u00e9rio P\u00fablico Federal) pediu a absolvi\u00e7\u00e3o sum\u00e1ria dos ex-presidentes Luiz In\u00e1cio Lula da Silva e Dilma Roussef, al\u00e9m do ex-tesoureiro do PT Jo\u00e3o&hellip; <\/p>\n","protected":false},"author":1,"featured_media":127590,"comment_status":"closed","ping_status":"closed","sticky":false,"template":"","format":"standard","meta":{"sfsi_plus_gutenberg_text_before_share":"","sfsi_plus_gutenberg_show_text_before_share":"","sfsi_plus_gutenberg_icon_type":"","sfsi_plus_gutenberg_icon_alignemt":"","sfsi_plus_gutenburg_max_per_row":"","footnotes":""},"categories":[11],"tags":[],"class_list":["post-127588","post","type-post","status-publish","format-standard","has-post-thumbnail","hentry","category-politica"],"_links":{"self":[{"href":"https:\/\/www.caririemacao.com\/1\/wp-json\/wp\/v2\/posts\/127588","targetHints":{"allow":["GET"]}}],"collection":[{"href":"https:\/\/www.caririemacao.com\/1\/wp-json\/wp\/v2\/posts"}],"about":[{"href":"https:\/\/www.caririemacao.com\/1\/wp-json\/wp\/v2\/types\/post"}],"author":[{"embeddable":true,"href":"https:\/\/www.caririemacao.com\/1\/wp-json\/wp\/v2\/users\/1"}],"replies":[{"embeddable":true,"href":"https:\/\/www.caririemacao.com\/1\/wp-json\/wp\/v2\/comments?post=127588"}],"version-history":[{"count":1,"href":"https:\/\/www.caririemacao.com\/1\/wp-json\/wp\/v2\/posts\/127588\/revisions"}],"predecessor-version":[{"id":127591,"href":"https:\/\/www.caririemacao.com\/1\/wp-json\/wp\/v2\/posts\/127588\/revisions\/127591"}],"wp:featuredmedia":[{"embeddable":true,"href":"https:\/\/www.caririemacao.com\/1\/wp-json\/wp\/v2\/media\/127590"}],"wp:attachment":[{"href":"https:\/\/www.caririemacao.com\/1\/wp-json\/wp\/v2\/media?parent=127588"}],"wp:term":[{"taxonomy":"category","embeddable":true,"href":"https:\/\/www.caririemacao.com\/1\/wp-json\/wp\/v2\/categories?post=127588"},{"taxonomy":"post_tag","embeddable":true,"href":"https:\/\/www.caririemacao.com\/1\/wp-json\/wp\/v2\/tags?post=127588"}],"curies":[{"name":"wp","href":"https:\/\/api.w.org\/{rel}","templated":true}]}}