{"id":127612,"date":"2019-10-18T08:07:46","date_gmt":"2019-10-18T11:07:46","guid":{"rendered":"http:\/\/www.caririemacao.com\/1\/?p=127612"},"modified":"2019-10-18T08:07:46","modified_gmt":"2019-10-18T11:07:46","slug":"bolsonaro-diz-que-13o-do-bolsa-familia-estara-na-loa-a-partir-de-2020","status":"publish","type":"post","link":"https:\/\/www.caririemacao.com\/1\/2019\/10\/18\/bolsonaro-diz-que-13o-do-bolsa-familia-estara-na-loa-a-partir-de-2020\/","title":{"rendered":"Bolsonaro diz que 13\u00ba do Bolsa Fam\u00edlia estar\u00e1 na LOA a partir de 2020"},"content":{"rendered":"\n<p>O presidente Jair Bolsonaro afirmou que o pagamento da 13\u00aa parcela do Bolsa Fam\u00edlia n\u00e3o valer\u00e1 apenas para 2019. Em sua&nbsp;<em>live<\/em>&nbsp;desta semana, transmitida hoje (17), o presidente reiterou que o pagamento entrar\u00e1 na Lei Or\u00e7ament\u00e1ria Anual (LOA) a partir do ano que vem.<\/p>\n\n\n\n<p>\u201cO bom programa social \u00e9 aquele que mais sai gente do que entra. Mas temos uma massa ainda de pessoas que necessitam do amparo do Estado. E n\u00e3o \u00e9 apenas dezembro agora, n\u00e3o. Como nos outros anos entra na LOA, est\u00e1 garantido o d\u00e9cimo terceiro\u201d.&nbsp;<\/p>\n\n\n\n<p>Na \u00faltima ter\u00e7a-feira (15), o governo enviou ao Congresso Nacional, na forma de uma medida provis\u00f3ria (MP), a previs\u00e3o de&nbsp;<a href=\"http:\/\/agenciabrasil.ebc.com.br\/geral\/noticia\/2019-10\/Bolsonaro-assina-MP-que-concede-13-pagamento-do-Bolsa-Familia\" target=\"_blank\" rel=\"noreferrer noopener\">pagamento do benef\u00edcio para 2019<\/a>.<\/p>\n\n\n\n<p>No pr\u00f3prio evento de assinatura da medida provis\u00f3ria, o ministro da Cidadania, Osmar Terra, havia explicado que o recurso extra para este ano teve que ser criado via MP, mas que nos anos seguintes j\u00e1 estaria previsto. \u201cA partir do ano que vem, na pr\u00f3pria previs\u00e3o do Or\u00e7amento j\u00e1 vai estar colocada essa quest\u00e3o do d\u00e9cimo terceiro, e daqui pra frente vai ter essa parcela\u201d.&nbsp;<\/p>\n\n\n\n<h2 class=\"wp-block-heading\">Assista \u00e0 \u00edntegra da&nbsp;<em>live<\/em>:<\/h2>\n\n\n\n<figure><iframe allowfullscreen=\"true\" height=\"314\" data-src=\"https:\/\/www.facebook.com\/plugins\/video.php?href=https%3A%2F%2Fwww.facebook.com%2Fjairmessias.bolsonaro%2Fvideos%2F800217607062140%2F&amp;show_text=0&amp;width=560\" width=\"560\" src=\"data:image\/svg+xml;base64,PHN2ZyB3aWR0aD0iMSIgaGVpZ2h0PSIxIiB4bWxucz0iaHR0cDovL3d3dy53My5vcmcvMjAwMC9zdmciPjwvc3ZnPg==\" class=\"lazyload\" data-load-mode=\"1\"><\/iframe><\/figure>\n\n\n\n<h2 class=\"wp-block-heading\">\u00d3leo no Nordeste<\/h2>\n\n\n\n<p>Bolsonaro tamb\u00e9m negou que o governo esteja sendo omisso no combate \u00e0s manchas de \u00f3leo que invadem o litoral do Nordeste do Brasil. \u201cDesde o dia 2 de setembro que o governo j\u00e1 vem analisando esse derramamento de \u00f3leo para buscar poss\u00edveis respons\u00e1veis. [\u2026] Conversei hoje com o ministro da Defesa, Fernando [Azevedo e Silva], converso todo dia com o [ministro do Meio Ambiente] Ricardo Salles. Estamos colaborando, ampliar nosso trabalho nessa regi\u00e3o para ajudar a limpar esse \u00f3leo\u201d.<\/p>\n\n\n\n<p>O presidente evitou atribuir responsabilidades sem ter certeza da origem do \u00f3leo. \u201cAlguns dizem que seria da Venezuela esse \u00f3leo, n\u00e3o quero assumir esta responsabilidade ainda, tenho que ter certeza ainda para afirmar como chefe de Estado\u201d. Na semana passada, Salles disse, na C\u00e2mara dos Deputados, que o \u00f3leo \u201cmuito provavelmente\u201d&nbsp;<a href=\"http:\/\/agenciabrasil.ebc.com.br\/geral\/noticia\/2019-10\/salles-diz-que-oleo-no-nordeste-vem-muito-provavelmente-da-venezuela\" target=\"_blank\" rel=\"noreferrer noopener\">vinha da Venezuela<\/a>.<\/p>\n","protected":false},"excerpt":{"rendered":"<p>O presidente Jair Bolsonaro afirmou que o pagamento da 13\u00aa parcela do Bolsa Fam\u00edlia n\u00e3o valer\u00e1 apenas para 2019. Em sua&nbsp;live&nbsp;desta semana, transmitida hoje (17),&hellip; <\/p>\n","protected":false},"author":1,"featured_media":109939,"comment_status":"closed","ping_status":"closed","sticky":false,"template":"","format":"standard","meta":{"sfsi_plus_gutenberg_text_before_share":"","sfsi_plus_gutenberg_show_text_before_share":"","sfsi_plus_gutenberg_icon_type":"","sfsi_plus_gutenberg_icon_alignemt":"","sfsi_plus_gutenburg_max_per_row":"","footnotes":""},"categories":[11],"tags":[],"class_list":["post-127612","post","type-post","status-publish","format-standard","has-post-thumbnail","hentry","category-politica"],"_links":{"self":[{"href":"https:\/\/www.caririemacao.com\/1\/wp-json\/wp\/v2\/posts\/127612","targetHints":{"allow":["GET"]}}],"collection":[{"href":"https:\/\/www.caririemacao.com\/1\/wp-json\/wp\/v2\/posts"}],"about":[{"href":"https:\/\/www.caririemacao.com\/1\/wp-json\/wp\/v2\/types\/post"}],"author":[{"embeddable":true,"href":"https:\/\/www.caririemacao.com\/1\/wp-json\/wp\/v2\/users\/1"}],"replies":[{"embeddable":true,"href":"https:\/\/www.caririemacao.com\/1\/wp-json\/wp\/v2\/comments?post=127612"}],"version-history":[{"count":1,"href":"https:\/\/www.caririemacao.com\/1\/wp-json\/wp\/v2\/posts\/127612\/revisions"}],"predecessor-version":[{"id":127615,"href":"https:\/\/www.caririemacao.com\/1\/wp-json\/wp\/v2\/posts\/127612\/revisions\/127615"}],"wp:featuredmedia":[{"embeddable":true,"href":"https:\/\/www.caririemacao.com\/1\/wp-json\/wp\/v2\/media\/109939"}],"wp:attachment":[{"href":"https:\/\/www.caririemacao.com\/1\/wp-json\/wp\/v2\/media?parent=127612"}],"wp:term":[{"taxonomy":"category","embeddable":true,"href":"https:\/\/www.caririemacao.com\/1\/wp-json\/wp\/v2\/categories?post=127612"},{"taxonomy":"post_tag","embeddable":true,"href":"https:\/\/www.caririemacao.com\/1\/wp-json\/wp\/v2\/tags?post=127612"}],"curies":[{"name":"wp","href":"https:\/\/api.w.org\/{rel}","templated":true}]}}