{"id":127633,"date":"2019-10-18T08:11:13","date_gmt":"2019-10-18T11:11:13","guid":{"rendered":"http:\/\/www.caririemacao.com\/1\/?p=127633"},"modified":"2019-10-18T08:11:13","modified_gmt":"2019-10-18T11:11:13","slug":"voluntarios-se-reunem-para-plantar-um-milhao-de-arvores-no-df-em-apenas-um-dia","status":"publish","type":"post","link":"https:\/\/www.caririemacao.com\/1\/2019\/10\/18\/voluntarios-se-reunem-para-plantar-um-milhao-de-arvores-no-df-em-apenas-um-dia\/","title":{"rendered":"Volunt\u00e1rios se re\u00fanem para plantar um milh\u00e3o de \u00e1rvores no DF em apenas um dia"},"content":{"rendered":"\n<p> Voc\u00ea j\u00e1 plantou uma \u00e1rvore na vida? Pois um movimento em Bras\u00edlia vem reunindo volunt\u00e1rios para plantar 1 milh\u00e3os de arv\u00f3res no DF em um dia. A data j\u00e1 est\u00e1 fechada: ser\u00e1 no dia 8 de dezembro. Para falar sobre esta a\u00e7\u00e3o, F\u00e1tima Santos bateu um papo com o ambientalista e idealizador da\u00a0<a href=\"https:\/\/www.facebook.com\/tempodeplantar\/?__tn__=%2Cd%2CP-R&amp;eid=ARCNPY9DLi0cerxJByCR6GxjTp89drHaTEsvl_KdyPkTuT_v84osgm4Kp-a3jxolAMU2w1Zx68zvovPw\">Gincana Verde de Plantar em Bras\u00edlia<\/a>,\u00a0Paulo C\u00e9sar Ara\u00fajo.\u00a0<\/p>\n\n\n\n<p>&#8220;A gente est\u00e1 vivendo um per\u00edodo da quest\u00e3o ambiental muito necess\u00e1ria. A ONU declarou este per\u00edodo agora como a d\u00e9cada do reflorestamento. N\u00f3s j\u00e1 estamos sentindo os efeitos da mudan\u00e7a clim\u00e1tica. J\u00e1 h\u00e1 um tempo a gente vem falando da necessidade de praticarmos a sustentabilidade. Mas agora a gente precisa regenerar o planeta. A gente precisa recuperar aquilo que j\u00e1 foi degradado. Al\u00e9m do que nossa vida em cidade fez com nos desconect\u00e1ssemos da natureza&#8221;, acredita Paulo.<\/p>\n\n\n\n<p>Segundo ele, a ideia \u00e9 propor uma experi\u00eancia. &#8220;O convite \u00e9 que cada pessoa plante uma \u00e1rvore por cada ano de vida. N\u00e3o precisa ser tudo agora de uma vez s\u00f3. Pois a ideia \u00e9 que fa\u00e7amos essa campanha todos os anos&#8221;, completa o ambientalista. Quem quiser participar, os encontros ocorrem&nbsp;sempre no \u00faltimo domingo de cada m\u00eas na Escola da Natureza, no Parque da Cidade ou por e-mail para tempodeplantargincanaverde@gmail.com<\/p>\n","protected":false},"excerpt":{"rendered":"<p>Voc\u00ea j\u00e1 plantou uma \u00e1rvore na vida? Pois um movimento em Bras\u00edlia vem reunindo volunt\u00e1rios para plantar 1 milh\u00e3os de arv\u00f3res no DF em um&hellip; <\/p>\n","protected":false},"author":1,"featured_media":112140,"comment_status":"closed","ping_status":"closed","sticky":false,"template":"","format":"standard","meta":{"sfsi_plus_gutenberg_text_before_share":"","sfsi_plus_gutenberg_show_text_before_share":"","sfsi_plus_gutenberg_icon_type":"","sfsi_plus_gutenberg_icon_alignemt":"","sfsi_plus_gutenburg_max_per_row":"","footnotes":""},"categories":[2],"tags":[],"class_list":["post-127633","post","type-post","status-publish","format-standard","has-post-thumbnail","hentry","category-geral"],"_links":{"self":[{"href":"https:\/\/www.caririemacao.com\/1\/wp-json\/wp\/v2\/posts\/127633","targetHints":{"allow":["GET"]}}],"collection":[{"href":"https:\/\/www.caririemacao.com\/1\/wp-json\/wp\/v2\/posts"}],"about":[{"href":"https:\/\/www.caririemacao.com\/1\/wp-json\/wp\/v2\/types\/post"}],"author":[{"embeddable":true,"href":"https:\/\/www.caririemacao.com\/1\/wp-json\/wp\/v2\/users\/1"}],"replies":[{"embeddable":true,"href":"https:\/\/www.caririemacao.com\/1\/wp-json\/wp\/v2\/comments?post=127633"}],"version-history":[{"count":1,"href":"https:\/\/www.caririemacao.com\/1\/wp-json\/wp\/v2\/posts\/127633\/revisions"}],"predecessor-version":[{"id":127635,"href":"https:\/\/www.caririemacao.com\/1\/wp-json\/wp\/v2\/posts\/127633\/revisions\/127635"}],"wp:featuredmedia":[{"embeddable":true,"href":"https:\/\/www.caririemacao.com\/1\/wp-json\/wp\/v2\/media\/112140"}],"wp:attachment":[{"href":"https:\/\/www.caririemacao.com\/1\/wp-json\/wp\/v2\/media?parent=127633"}],"wp:term":[{"taxonomy":"category","embeddable":true,"href":"https:\/\/www.caririemacao.com\/1\/wp-json\/wp\/v2\/categories?post=127633"},{"taxonomy":"post_tag","embeddable":true,"href":"https:\/\/www.caririemacao.com\/1\/wp-json\/wp\/v2\/tags?post=127633"}],"curies":[{"name":"wp","href":"https:\/\/api.w.org\/{rel}","templated":true}]}}