{"id":127716,"date":"2019-10-18T10:05:34","date_gmt":"2019-10-18T13:05:34","guid":{"rendered":"http:\/\/www.caririemacao.com\/1\/?p=127716"},"modified":"2019-10-18T10:05:34","modified_gmt":"2019-10-18T13:05:34","slug":"presidente-bolsonaro-esta-pagando-o-preco-por-governar-em-familia","status":"publish","type":"post","link":"https:\/\/www.caririemacao.com\/1\/2019\/10\/18\/presidente-bolsonaro-esta-pagando-o-preco-por-governar-em-familia\/","title":{"rendered":"Presidente Bolsonaro est\u00e1 pagando o pre\u00e7o por governar em fam\u00edlia"},"content":{"rendered":"\n<p>Na pol\u00edtica brasileira, pr\u00e1tica de nepotismo e consolida\u00e7\u00e3o de dinastias s\u00e3o comuns, bastando ver o n\u00famero de deputados e senadores que levam o \u201cFilho\u201d, \u201cJ\u00fanior\u201d ou at\u00e9 \u201cNeto\u201d e \u201cBisneto\u201d no nome.<\/p>\n\n\n\n<p>Na maior parte dos casos, contudo, o exerc\u00edcio do apadrinhamento respeitava algumas regras hier\u00e1rquicas. O pai treinava seu substituto aos poucos, de cargo eletivo em cargo eletivo. O patriarcalismo das rela\u00e7\u00f5es s\u00f3 era quebrado quando emergia alguma mulher na linha sucess\u00f3ria, como no caso do cl\u00e3 Sarney.<\/p>\n\n\n\n<p>Jair Bolsonaro foi disruptivo at\u00e9 nisso. O tratamento expresso dado a seus tr\u00eas filhos na pol\u00edtica \u00e9 algo inaudito na hist\u00f3ria republicana.<\/p>\n\n\n\n<p>O proverbial \u201cfil\u00e9 mignon\u201d que o presidente j\u00e1 disse reservar \u00e0 prole sempre foi destinado para os herdeiros do poder, mas nunca com tal grau de franqueza -seja na prote\u00e7\u00e3o ao enrolado senador Fl\u00e1vio, na embaixada nos EUA prometida ao deputado Eduardo ou no papel preponderante do vereador Carlos na comunica\u00e7\u00e3o de governo, que inexiste sem seus pitacos.<\/p>\n\n\n\n<p>A crise do presidente com o partido que ele escolheu para hospedar sua aventura eleitoral de 2018, o PSL, exp\u00f5e a indigna\u00e7\u00e3o que tais privil\u00e9gios \u00e0 corte provocam. Ao negar a lideran\u00e7a na C\u00e2mara a Eduardo, a sigla do acossado Luciano Bivar mostra que sabe jogar dentro das regras vigentes, e que elas podem ser usadas contra o imperial Bolsonaro.<\/p>\n\n\n\n<p>Dois oficiais generais, um da ativa e outro servindo ao governo, disseram reservadamente que a confus\u00e3o toda tem come\u00e7o e fim na influ\u00eancia dos filhos de Bolsonaro no governo. A queixa \u00e9 antiga entre os fardados, que foram largamente colocados a escanteio pela dobradinha entre Carlos Bolsonaro e o ide\u00f3logo expatriado Olavo de Carvalho.<\/p>\n\n\n\n<p>Nenhum deles, contudo, arrisca uma previs\u00e3o sobre o destino da crise atual. Presidentes isolados que desafiam o Congresso sempre existiram e se deram mal, como J\u00e2nio Quadros, Fernando Collor e Dilma Rousseff. Mas um l\u00edder amparado por uma corte palaciana familiar e que ataca seu pr\u00f3prio partido achando que n\u00e3o haver\u00e1 consequ\u00eancia \u00e9 novidade hist\u00f3rica.<\/p>\n\n\n\n<p>As repercuss\u00f5es do imbr\u00f3glio, que parecia um passeio paroquial no seu come\u00e7o, come\u00e7am a reverberar fora de Bras\u00edlia. A destitui\u00e7\u00e3o de Joice Hasselmann (PSL-SP) da lideran\u00e7a do governo no Congresso, por exemplo, sela a percep\u00e7\u00e3o de que a deputada ter\u00e1 dificuldades s\u00e9rias para levar \u00e0 frente seu plano de ser candidata ao governo da capital paulista ano que vem.<\/p>\n\n\n\n<p>Joice pode alegar persegui\u00e7\u00e3o, ao estilo de Tabata Amaral em rela\u00e7\u00e3o ao PDT, e buscar outra sigla. A dureza \u00e9 que essa agremia\u00e7\u00e3o hoje seria o DEM, que j\u00e1 tem outro nome em vista, o do sempre mercurial Jos\u00e9 Luiz Datena.<\/p>\n\n\n\n<p>De resto, para ser candidata pelo partido, Joice teria de ajoelhar e beijar o anel de Milton Leite, o superpoderoso presidente da C\u00e2mara Municipal paulista. Quem conhece os dois cr\u00ea em algumas dificuldades no processo, por assim dizer, mas pol\u00edtica \u00e9 pol\u00edtica. Em favor da deputada est\u00e1 sua rela\u00e7\u00e3o pr\u00f3xima com o governador paulista, Jo\u00e3o Doria (PSDB), mas \u00e9 incerto qual caminho ela tomar\u00e1.<\/p>\n\n\n\n<p>Mas o mais importante ainda est\u00e1 por vir. Bolsonaro apostou tudo contra Bivar e, com uma opera\u00e7\u00e3o da Policia Federal no cangote do dirigente, parecia fadado a ganhar a disputa. Os movimentos dentro das regras do chefe do PSL, contudo, mostram que o jogo est\u00e1 aberto.<\/p>\n\n\n\n<p>E \u00e9 uma disputa perigosa. Qualquer pessoa que falou com Bolsonaro ao longo dos meses em que ele montou sua candidatura sabe que a l\u00edngua hoje presidencial \u00e9 solta.<\/p>\n\n\n\n<p>Quando um l\u00edder do PSL chama o mandat\u00e1rio m\u00e1ximo de vagabundo e promete implodi-lo, a sinaliza\u00e7\u00e3o \u00e9 das piores para o Planalto.<\/p>\n\n\n\n<p>Bolsonaro sempre pregou sua avers\u00e3o ao presidencialismo de coaliz\u00e3o brasileiro. Venceu a elei\u00e7\u00e3o e manteve a palavra, mas na hora de apresentar a alternativa, emulou o pior de pr\u00e1ticas de fam\u00edlias reais. O pre\u00e7o da op\u00e7\u00e3o est\u00e1 sendo colocado na mesa agora.<\/p>\n","protected":false},"excerpt":{"rendered":"<p>Na pol\u00edtica brasileira, pr\u00e1tica de nepotismo e consolida\u00e7\u00e3o de dinastias s\u00e3o comuns, bastando ver o n\u00famero de deputados e senadores que levam o \u201cFilho\u201d, \u201cJ\u00fanior\u201d&hellip; <\/p>\n","protected":false},"author":1,"featured_media":119718,"comment_status":"closed","ping_status":"closed","sticky":false,"template":"","format":"standard","meta":{"sfsi_plus_gutenberg_text_before_share":"","sfsi_plus_gutenberg_show_text_before_share":"","sfsi_plus_gutenberg_icon_type":"","sfsi_plus_gutenberg_icon_alignemt":"","sfsi_plus_gutenburg_max_per_row":"","footnotes":""},"categories":[11],"tags":[],"class_list":["post-127716","post","type-post","status-publish","format-standard","has-post-thumbnail","hentry","category-politica"],"_links":{"self":[{"href":"https:\/\/www.caririemacao.com\/1\/wp-json\/wp\/v2\/posts\/127716","targetHints":{"allow":["GET"]}}],"collection":[{"href":"https:\/\/www.caririemacao.com\/1\/wp-json\/wp\/v2\/posts"}],"about":[{"href":"https:\/\/www.caririemacao.com\/1\/wp-json\/wp\/v2\/types\/post"}],"author":[{"embeddable":true,"href":"https:\/\/www.caririemacao.com\/1\/wp-json\/wp\/v2\/users\/1"}],"replies":[{"embeddable":true,"href":"https:\/\/www.caririemacao.com\/1\/wp-json\/wp\/v2\/comments?post=127716"}],"version-history":[{"count":1,"href":"https:\/\/www.caririemacao.com\/1\/wp-json\/wp\/v2\/posts\/127716\/revisions"}],"predecessor-version":[{"id":127718,"href":"https:\/\/www.caririemacao.com\/1\/wp-json\/wp\/v2\/posts\/127716\/revisions\/127718"}],"wp:featuredmedia":[{"embeddable":true,"href":"https:\/\/www.caririemacao.com\/1\/wp-json\/wp\/v2\/media\/119718"}],"wp:attachment":[{"href":"https:\/\/www.caririemacao.com\/1\/wp-json\/wp\/v2\/media?parent=127716"}],"wp:term":[{"taxonomy":"category","embeddable":true,"href":"https:\/\/www.caririemacao.com\/1\/wp-json\/wp\/v2\/categories?post=127716"},{"taxonomy":"post_tag","embeddable":true,"href":"https:\/\/www.caririemacao.com\/1\/wp-json\/wp\/v2\/tags?post=127716"}],"curies":[{"name":"wp","href":"https:\/\/api.w.org\/{rel}","templated":true}]}}