{"id":127749,"date":"2019-10-18T14:00:38","date_gmt":"2019-10-18T17:00:38","guid":{"rendered":"http:\/\/www.caririemacao.com\/1\/?p=127749"},"modified":"2019-10-18T14:00:38","modified_gmt":"2019-10-18T17:00:38","slug":"prefeito-eden-duarte-entrega-kimonos-e-tatames-para-alunos-do-judo-do-municipio","status":"publish","type":"post","link":"https:\/\/www.caririemacao.com\/1\/2019\/10\/18\/prefeito-eden-duarte-entrega-kimonos-e-tatames-para-alunos-do-judo-do-municipio\/","title":{"rendered":"Prefeito \u00c9den Duarte entrega kimonos e tatames para alunos do jud\u00f4 do munic\u00edpio"},"content":{"rendered":"\n<div class=\"wp-block-image\"><figure class=\"aligncenter\"><a href=\"http:\/\/www.sume.pb.gov.br\/wp-content\/uploads\/2019\/10\/IMG_1500.jpg\"><img decoding=\"async\" data-src=\"http:\/\/www.sume.pb.gov.br\/wp-content\/uploads\/2019\/10\/IMG_1500-300x225.jpg\" alt=\"\" class=\"wp-image-8929 lazyload\" src=\"data:image\/svg+xml;base64,PHN2ZyB3aWR0aD0iMSIgaGVpZ2h0PSIxIiB4bWxucz0iaHR0cDovL3d3dy53My5vcmcvMjAwMC9zdmciPjwvc3ZnPg==\" style=\"--smush-placeholder-width: 300px; --smush-placeholder-aspect-ratio: 300\/225;\" \/><\/a><\/figure><\/div>\n\n\n\n<p>A Prefeitura de Sum\u00e9, por meio da Secretaria Municipal de Educa\u00e7\u00e3o, entregou nessa quarta-feira (16) em solenidade na Escola Padre Paulo, 149 kimonos, 66 tatames e duas m\u00e1quinas de lavar ao \u201cProjeto Jud\u00f4 na Escola\u201d, que \u00e9 desenvolvido nas escolas integrais do munic\u00edpio em parceria com o Programa Ol\u00edmpico do Cariri (Prolcariri).<\/p>\n\n\n\n<div class=\"wp-block-image\"><figure class=\"aligncenter\"><a href=\"http:\/\/www.sume.pb.gov.br\/wp-content\/uploads\/2019\/10\/IMG_1482.jpg\"><img decoding=\"async\" data-src=\"http:\/\/www.sume.pb.gov.br\/wp-content\/uploads\/2019\/10\/IMG_1482-300x225.jpg\" alt=\"\" class=\"wp-image-8930 lazyload\" src=\"data:image\/svg+xml;base64,PHN2ZyB3aWR0aD0iMSIgaGVpZ2h0PSIxIiB4bWxucz0iaHR0cDovL3d3dy53My5vcmcvMjAwMC9zdmciPjwvc3ZnPg==\" style=\"--smush-placeholder-width: 300px; --smush-placeholder-aspect-ratio: 300\/225;\" \/><\/a><\/figure><\/div>\n\n\n\n<p>Estiveram presentes no evento, o prefeito de Sum\u00e9, \u00c9den Duarte, o secret\u00e1rio de Educa\u00e7\u00e3o, Odilon Ara\u00fajo, as coordenadoras pedag\u00f3gicas, Aparecida Gomes e Bet\u00e2nia Mac\u00eado, as diretoras escolares: Poliana Costa e Elidiane Baptista, professores, alunos e o vereador Ant\u00f4nio Carlos Sarmento.&nbsp;<\/p>\n\n\n\n<p>De acordo com as diretoras escolares, Poliana Costa e Elidiane Baptista, a pr\u00e1tica do jud\u00f4 em sala de aula mudou muito a rotina, o comportamento e o aprendizado dos alunos nas escolas.<\/p>\n\n\n\n<p>Desde que assumiu o governo municipal, o prefeito, \u00c9den Duarte, tem buscado promover uma educa\u00e7\u00e3o interativa, fazendo com que os alunos possam vivenciar diversas conex\u00f5es na din\u00e2mica do ensino-aprendizado, principalmente com a pr\u00e1tica do jud\u00f4 no \u00e2mbito escolar.&nbsp;<\/p>\n\n\n\n<p>Ao investir no jud\u00f4, a gest\u00e3o municipal, al\u00e9m de fortalecer a pr\u00e1tica do esporte, cria condi\u00e7\u00f5es para o desenvolvimento dos estudantes e fomenta um aprendizado rico em novas perspectivas educacionais.&nbsp;&nbsp;\u201cA proposta do jud\u00f4 \u00e9 incentivar a proatividade e a disciplina do aluno de modo que ele seja um protagonista de si mesmo\u201d, disse o secret\u00e1rio, Odilon Ara\u00fajo.<\/p>\n\n\n\n<p>Com o Prolcariri, v\u00e1rios atletas do jud\u00f4 sumeense v\u00eam se destacando em diversas competi\u00e7\u00f5es em n\u00edvel nacional, a exemplo dos estudantes Carlos Willian e Victor Ca\u00edque. \u201cEsse esporte \u00e9 um diferencial para o munic\u00edpio porque ele contribui para a disciplina e o aprendizado do aluno\u201d, destacou o prefeito \u00c9den Duarte.&nbsp;<\/p>\n\n\n\n<figure class=\"wp-block-image\"><a href=\"http:\/\/www.sume.pb.gov.br\/2019\/10\/prefeito-eden-duarte-entrega-kimonos-e-tatames-para-alunos-do-judo-do-municipio\/img_1424\/\"><img decoding=\"async\" data-src=\"http:\/\/www.sume.pb.gov.br\/wp-content\/uploads\/2019\/10\/IMG_1424-150x150.jpg\" alt=\"\" src=\"data:image\/svg+xml;base64,PHN2ZyB3aWR0aD0iMSIgaGVpZ2h0PSIxIiB4bWxucz0iaHR0cDovL3d3dy53My5vcmcvMjAwMC9zdmciPjwvc3ZnPg==\" class=\"lazyload\" style=\"--smush-placeholder-width: 150px; --smush-placeholder-aspect-ratio: 150\/150;\" \/><\/a><\/figure>\n\n\n\n<figure class=\"wp-block-image\"><a href=\"http:\/\/www.sume.pb.gov.br\/2019\/10\/prefeito-eden-duarte-entrega-kimonos-e-tatames-para-alunos-do-judo-do-municipio\/img_1464\/\"><img decoding=\"async\" data-src=\"http:\/\/www.sume.pb.gov.br\/wp-content\/uploads\/2019\/10\/IMG_1464-150x150.jpg\" alt=\"\" src=\"data:image\/svg+xml;base64,PHN2ZyB3aWR0aD0iMSIgaGVpZ2h0PSIxIiB4bWxucz0iaHR0cDovL3d3dy53My5vcmcvMjAwMC9zdmciPjwvc3ZnPg==\" class=\"lazyload\" style=\"--smush-placeholder-width: 150px; --smush-placeholder-aspect-ratio: 150\/150;\" \/><\/a><\/figure>\n\n\n\n<figure class=\"wp-block-image\"><a href=\"http:\/\/www.sume.pb.gov.br\/2019\/10\/prefeito-eden-duarte-entrega-kimonos-e-tatames-para-alunos-do-judo-do-municipio\/img_1431\/\"><img decoding=\"async\" data-src=\"http:\/\/www.sume.pb.gov.br\/wp-content\/uploads\/2019\/10\/IMG_1431-150x150.jpg\" alt=\"\" src=\"data:image\/svg+xml;base64,PHN2ZyB3aWR0aD0iMSIgaGVpZ2h0PSIxIiB4bWxucz0iaHR0cDovL3d3dy53My5vcmcvMjAwMC9zdmciPjwvc3ZnPg==\" class=\"lazyload\" style=\"--smush-placeholder-width: 150px; --smush-placeholder-aspect-ratio: 150\/150;\" \/><\/a><\/figure>\n\n\n\n<p>O jud\u00f4, al\u00e9m de trazer benef\u00edcios para as crian\u00e7as e adolescentes, ele proporciona um desenvolvimento f\u00edsico, ps\u00edquico e social de forma integrada, desenvolvendo o educando como um todo.&nbsp;&nbsp;\u201cEu n\u00e3o gostava de jud\u00f4, mas acabei frequentando as aulas por incentivo do meu irm\u00e3o que j\u00e1 \u00e9 do projeto, da\u00ed comecei a gostar. Sinto que melhorou a minha vida e o meu rendimento em sala de aula\u201d, disse a estudante, D\u00e9bora Ara\u00fajo do 8\u00ba ano da Escola Padre Paulo.&nbsp;&nbsp;&nbsp;<\/p>\n","protected":false},"excerpt":{"rendered":"<p>A Prefeitura de Sum\u00e9, por meio da Secretaria Municipal de Educa\u00e7\u00e3o, entregou nessa quarta-feira (16) em solenidade na Escola Padre Paulo, 149 kimonos, 66 tatames&hellip; <\/p>\n","protected":false},"author":1,"featured_media":113420,"comment_status":"closed","ping_status":"closed","sticky":false,"template":"","format":"standard","meta":{"sfsi_plus_gutenberg_text_before_share":"","sfsi_plus_gutenberg_show_text_before_share":"","sfsi_plus_gutenberg_icon_type":"","sfsi_plus_gutenberg_icon_alignemt":"","sfsi_plus_gutenburg_max_per_row":"","footnotes":""},"categories":[50,2],"tags":[],"class_list":["post-127749","post","type-post","status-publish","format-standard","has-post-thumbnail","hentry","category-destaque","category-geral"],"_links":{"self":[{"href":"https:\/\/www.caririemacao.com\/1\/wp-json\/wp\/v2\/posts\/127749","targetHints":{"allow":["GET"]}}],"collection":[{"href":"https:\/\/www.caririemacao.com\/1\/wp-json\/wp\/v2\/posts"}],"about":[{"href":"https:\/\/www.caririemacao.com\/1\/wp-json\/wp\/v2\/types\/post"}],"author":[{"embeddable":true,"href":"https:\/\/www.caririemacao.com\/1\/wp-json\/wp\/v2\/users\/1"}],"replies":[{"embeddable":true,"href":"https:\/\/www.caririemacao.com\/1\/wp-json\/wp\/v2\/comments?post=127749"}],"version-history":[{"count":1,"href":"https:\/\/www.caririemacao.com\/1\/wp-json\/wp\/v2\/posts\/127749\/revisions"}],"predecessor-version":[{"id":127752,"href":"https:\/\/www.caririemacao.com\/1\/wp-json\/wp\/v2\/posts\/127749\/revisions\/127752"}],"wp:featuredmedia":[{"embeddable":true,"href":"https:\/\/www.caririemacao.com\/1\/wp-json\/wp\/v2\/media\/113420"}],"wp:attachment":[{"href":"https:\/\/www.caririemacao.com\/1\/wp-json\/wp\/v2\/media?parent=127749"}],"wp:term":[{"taxonomy":"category","embeddable":true,"href":"https:\/\/www.caririemacao.com\/1\/wp-json\/wp\/v2\/categories?post=127749"},{"taxonomy":"post_tag","embeddable":true,"href":"https:\/\/www.caririemacao.com\/1\/wp-json\/wp\/v2\/tags?post=127749"}],"curies":[{"name":"wp","href":"https:\/\/api.w.org\/{rel}","templated":true}]}}