{"id":127791,"date":"2019-10-18T14:06:06","date_gmt":"2019-10-18T17:06:06","guid":{"rendered":"http:\/\/www.caririemacao.com\/1\/?p=127791"},"modified":"2019-10-18T14:06:06","modified_gmt":"2019-10-18T17:06:06","slug":"joice-diz-que-eduardo-bolsonaro-e-um-menino-que-nao-consegue-nada-sozinho","status":"publish","type":"post","link":"https:\/\/www.caririemacao.com\/1\/2019\/10\/18\/joice-diz-que-eduardo-bolsonaro-e-um-menino-que-nao-consegue-nada-sozinho\/","title":{"rendered":"Joice diz que Eduardo Bolsonaro \u00e9 um &#8216;menino&#8217; que &#8216;n\u00e3o consegue nada sozinho&#8217;"},"content":{"rendered":"\n<p>A deputada Joice Hasselmann (PSL-SP) se referiu ao deputado Eduardo Bolsonaro (PSL-SP), filho do presidente Jair Bolsonaro, como &#8220;menino&#8221; que &#8220;nem com a ajuda do pai&#8221; conseguiu assumir a lideran\u00e7a do PSL na C\u00e2mara.<br><\/p>\n\n\n\n<p>As declara\u00e7\u00f5es de Joice, que foi destitu\u00edda nesta quinta-feira (17) pelo presidente da Rep\u00fablica da lideran\u00e7a do governo no Congresso, foram dadas nesta sexta (18), no in\u00edcio de uma reuni\u00e3o do comando do PSL para discutir o racha aberto entre o partido e o Pal\u00e1cio do Planalto.&nbsp;<\/p>\n\n\n\n<p>&#8220;Eu assinei a lista [de apoio ao deputado] Waldir porque eu dei a minha palavra. Eu n\u00e3o vou sacrificar a minha palavra e a minha honra por conta de dois meses na lideran\u00e7a, botando um menino na lideran\u00e7a que n\u00e3o consegue nada sozinho&#8221;, disse Joice, referindo-se \u00e0 guerra de listas deflagrada entre a ala bolsonarista do PSL e o grupo alinhado ao deputado Luciano Bivar (PSL-PE), presidente da sigla.<\/p>\n\n\n\n<p>Os bolsonaristas tentaram destituir Waldir da lideran\u00e7a do partido na C\u00e2mara e substitu\u00ed-lo por Eduardo, mas o movimento n\u00e3o teve \u00eaxito porque houve a invalida\u00e7\u00e3o de assinaturas coletadas. Joice endossou a perman\u00eancia de Waldir e acabou punida pelo presidente Bolsonaro com a perda da lideran\u00e7a do governo no Congresso.&nbsp;<\/p>\n\n\n\n<p>&#8220;Nem com a ajuda do pai [o Eduardo] conseguiu a maioria para estar l\u00edder do PSL. Ent\u00e3o que tipo de lideran\u00e7a h\u00e1 no Eduardo Bolsonaro? Eu gosto do Eduardo Bolsonaro, agora tudo o que ele conseguiu foi \u00e0 sombra de algu\u00e9m. Nem mesmo com a interfer\u00eancia direta do Presidente da Rep\u00fablica ele conseguiu maioria para ser l\u00edder. E se conseguir eventualmente, porque a press\u00e3o continua; se conseguir de um ou de outro, n\u00e3o vai ter legitimidade&#8221;, completou.&nbsp;<\/p>\n\n\n\n<p>A ex-l\u00edder do governo no Congresso disse ainda nesta sexta que na crise o partido est\u00e1 &#8220;separando o joio do trigo&#8221; e defendeu que o deputado Daniel Silveira (PSL-RJ) deve ser expulso da sigla, por ele ter gravado uma reuni\u00e3o de parlamentares em que Waldir disse que iria &#8220;implodir&#8221; Bolsonaro.&nbsp;<\/p>\n\n\n\n<p>&#8220;A gente tem araponga dentro do partido gente, olha que coisa sensacional&#8221;, ironizou Joice.&nbsp;<\/p>\n\n\n\n<p>&#8220;N\u00e3o adianta voc\u00ea ter 53 deputados e 15 atrapalhando e o resto trabalhando. Ent\u00e3o a porta da rua tem que ser a serventia da casa. Alguns j\u00e1 est\u00e3o suspensos, porque atacaram o partido, e eu acho que alguns t\u00eam que ser expulsos e o mandato discutido na Justi\u00e7a&#8221;, concluiu a parlamentar.&nbsp;<\/p>\n\n\n\n<p>O PSL vive h\u00e1 dias uma guerra aberta entre aliados do presidente da legenda, deputado Luciano Bivar (PE), e um grupo alinhado ao presidente Bolsonaro. O racha ficou evidente depois de Bolsonaro ter aconselhado um seguidor a esquecer o partido e ter dito que Bivar estava queimado.&nbsp;<\/p>\n\n\n\n<p>A crise no PSL extrapolou nesta quinta-feira (17) as barreiras do partido e atingiu a articula\u00e7\u00e3o pol\u00edtica do governo Jair Bolsonaro no Congresso Nacional.&nbsp;<\/p>\n\n\n\n<p>Em meio ao clima de beliger\u00e2ncia no PSL, o presidente sofreu derrotas em s\u00e9rie, foi chamado de vagabundo pelo l\u00edder do partido na C\u00e2mara, deputado Delegado Waldir (GO), e, em um contragolpe, decidiu tirar a deputada Joice Hasselmann (PSL-SP) da lideran\u00e7a do governo no Congresso.<\/p>\n\n\n\n<p>O esquema de candidaturas laranjas do PSL, caso revelado pelo jornal Folha de S.Paulo em uma s\u00e9rie de publica\u00e7\u00f5es desde o in\u00edcio do ano, deu in\u00edcio a atual crise na legenda e tem sido um dos elementos de desgaste entre o grupo de Bivar e o de Bolsonaro, que amea\u00e7a deixar o partido.&nbsp;<\/p>\n\n\n\n<p>O esc\u00e2ndalo dos laranjas j\u00e1 derrubou o ministro Gustavo Bebianno, provocou o indiciamento e a den\u00fancia do ministro Marcelo \u00c1lvaro Ant\u00f4nio (Turismo) e levou a uma opera\u00e7\u00e3o de busca e apreens\u00e3o da Pol\u00edcia Federal a endere\u00e7os ligados a Bivar em Pernambuco.<\/p>\n\n\n\n<p>Na semana passada, diante disso, Bolsonaro requereu a Bivar a realiza\u00e7\u00e3o de uma auditoria externa nas contas da legenda. A ideia tem sido a de usar eventuais irregularidades nos documentos como justa causa para uma desfilia\u00e7\u00e3o de deputados da sigla, o que evitaria perda de mandato. O epis\u00f3dio, no entanto, criou uma disputa interna na sigla, com a amea\u00e7a inclusive de expuls\u00f5es.<\/p>\n\n\n\n<p>A aliados Bolsonaro tem dito que s\u00f3 oficializar\u00e1 a sa\u00edda do PSL caso consiga viabilizar a migra\u00e7\u00e3o segura de cerca de 20 deputados do PSL (de uma bancada de 53) para outra sigla.<\/p>\n\n\n\n<p>Nos bastidores, esses parlamentares j\u00e1 aceitam abrir m\u00e3o do fundo partid\u00e1rio do PSL em troca de uma desfilia\u00e7\u00e3o sem a perda do mandato. A previs\u00e3o \u00e9 de que o PSL receba R$ 110 milh\u00f5es de recursos p\u00fablicos em 2019, a maior fatia entre todas as legendas.<\/p>\n\n\n\n<p>A lei permite, em algumas situa\u00e7\u00f5es, que o parlamentar mude de partido sem risco de perder o mandato &#8211; entre elas mudan\u00e7a substancial e desvio reiterado do programa partid\u00e1rio e grave discrimina\u00e7\u00e3o pol\u00edtica pessoal.<\/p>\n","protected":false},"excerpt":{"rendered":"<p>A deputada Joice Hasselmann (PSL-SP) se referiu ao deputado Eduardo Bolsonaro (PSL-SP), filho do presidente Jair Bolsonaro, como &#8220;menino&#8221; que &#8220;nem com a ajuda do&hellip; <\/p>\n","protected":false},"author":1,"featured_media":127792,"comment_status":"closed","ping_status":"closed","sticky":false,"template":"","format":"standard","meta":{"sfsi_plus_gutenberg_text_before_share":"","sfsi_plus_gutenberg_show_text_before_share":"","sfsi_plus_gutenberg_icon_type":"","sfsi_plus_gutenberg_icon_alignemt":"","sfsi_plus_gutenburg_max_per_row":"","footnotes":""},"categories":[11],"tags":[],"class_list":["post-127791","post","type-post","status-publish","format-standard","has-post-thumbnail","hentry","category-politica"],"_links":{"self":[{"href":"https:\/\/www.caririemacao.com\/1\/wp-json\/wp\/v2\/posts\/127791","targetHints":{"allow":["GET"]}}],"collection":[{"href":"https:\/\/www.caririemacao.com\/1\/wp-json\/wp\/v2\/posts"}],"about":[{"href":"https:\/\/www.caririemacao.com\/1\/wp-json\/wp\/v2\/types\/post"}],"author":[{"embeddable":true,"href":"https:\/\/www.caririemacao.com\/1\/wp-json\/wp\/v2\/users\/1"}],"replies":[{"embeddable":true,"href":"https:\/\/www.caririemacao.com\/1\/wp-json\/wp\/v2\/comments?post=127791"}],"version-history":[{"count":1,"href":"https:\/\/www.caririemacao.com\/1\/wp-json\/wp\/v2\/posts\/127791\/revisions"}],"predecessor-version":[{"id":127793,"href":"https:\/\/www.caririemacao.com\/1\/wp-json\/wp\/v2\/posts\/127791\/revisions\/127793"}],"wp:featuredmedia":[{"embeddable":true,"href":"https:\/\/www.caririemacao.com\/1\/wp-json\/wp\/v2\/media\/127792"}],"wp:attachment":[{"href":"https:\/\/www.caririemacao.com\/1\/wp-json\/wp\/v2\/media?parent=127791"}],"wp:term":[{"taxonomy":"category","embeddable":true,"href":"https:\/\/www.caririemacao.com\/1\/wp-json\/wp\/v2\/categories?post=127791"},{"taxonomy":"post_tag","embeddable":true,"href":"https:\/\/www.caririemacao.com\/1\/wp-json\/wp\/v2\/tags?post=127791"}],"curies":[{"name":"wp","href":"https:\/\/api.w.org\/{rel}","templated":true}]}}