{"id":127808,"date":"2019-10-18T14:13:04","date_gmt":"2019-10-18T17:13:04","guid":{"rendered":"http:\/\/www.caririemacao.com\/1\/?p=127808"},"modified":"2019-10-18T14:13:04","modified_gmt":"2019-10-18T17:13:04","slug":"mei-e-unica-fonte-de-renda-para-tres-em-cada-quatro-microempreendedores-em-atividade","status":"publish","type":"post","link":"https:\/\/www.caririemacao.com\/1\/2019\/10\/18\/mei-e-unica-fonte-de-renda-para-tres-em-cada-quatro-microempreendedores-em-atividade\/","title":{"rendered":"MEI \u00e9 \u00fanica fonte de renda para tr\u00eas em cada quatro microempreendedores em atividade"},"content":{"rendered":"\n<p>\u00a0A categoria de Microempreendedor Individual (MEI) completa, em 2019, dez anos de cria\u00e7\u00e3o. Atualmente, s\u00e3o mais de 124 mil neg\u00f3cios na Para\u00edba, e a atividade como MEI \u00e9 a \u00fanica fonte de renda para tr\u00eas em cada quatro dos microempreendedores em atividade. Os dados s\u00e3o do Sebrae Para\u00edba.<\/p>\n\n\n\n<p>Criada em julho de 2009, a categoria \u00e9 fruto da Lei Geral da Micro e Pequena Empresa e beneficia empreendedores individuais que faturam at\u00e9 R$ 6,75 mil por m\u00eas ou R$ 81 mil por ano. A principal \u00e9 a carga reduzida de impostos que os MEI precisam pagar: entre R$ 50,90 e R$ 54,90. Al\u00e9m disso, a formaliza\u00e7\u00e3o facilita as transa\u00e7\u00f5es tanto com fornecedores, quanto com os clientes.<\/p>\n\n\n\n<p>Os MEI representam mais de 73% dos pequenos neg\u00f3cios paraibanos optantes pelo Simples Nacional. A categoria cresceu 76,1% nos \u00faltimos cinco anos. Nesse per\u00edodo, a Para\u00edba ganhou mais de 60 mil novos microempreendedores.<\/p>\n\n\n\n<p>Atividades mais comuns<\/p>\n\n\n\n<p>7,9% &#8211; Com\u00e9rcio varejista de artigos do vestu\u00e1rio e acess\u00f3rios<br>6,5% &#8211; Cabeleireiros, manicure e pedicure<br>5,6% &#8211; Minimercados, mercearias e armaz\u00e9ns<br>2,9% &#8211; Com\u00e9rcio varejista de bebidas<br>2,8% &#8211; Lanchonetes, casas de ch\u00e1, de sucos e similares<\/p>\n","protected":false},"excerpt":{"rendered":"<p>\u00a0A categoria de Microempreendedor Individual (MEI) completa, em 2019, dez anos de cria\u00e7\u00e3o. Atualmente, s\u00e3o mais de 124 mil neg\u00f3cios na Para\u00edba, e a atividade&hellip; <\/p>\n","protected":false},"author":1,"featured_media":88201,"comment_status":"closed","ping_status":"closed","sticky":false,"template":"","format":"standard","meta":{"sfsi_plus_gutenberg_text_before_share":"","sfsi_plus_gutenberg_show_text_before_share":"","sfsi_plus_gutenberg_icon_type":"","sfsi_plus_gutenberg_icon_alignemt":"","sfsi_plus_gutenburg_max_per_row":"","footnotes":""},"categories":[2],"tags":[],"class_list":["post-127808","post","type-post","status-publish","format-standard","has-post-thumbnail","hentry","category-geral"],"_links":{"self":[{"href":"https:\/\/www.caririemacao.com\/1\/wp-json\/wp\/v2\/posts\/127808","targetHints":{"allow":["GET"]}}],"collection":[{"href":"https:\/\/www.caririemacao.com\/1\/wp-json\/wp\/v2\/posts"}],"about":[{"href":"https:\/\/www.caririemacao.com\/1\/wp-json\/wp\/v2\/types\/post"}],"author":[{"embeddable":true,"href":"https:\/\/www.caririemacao.com\/1\/wp-json\/wp\/v2\/users\/1"}],"replies":[{"embeddable":true,"href":"https:\/\/www.caririemacao.com\/1\/wp-json\/wp\/v2\/comments?post=127808"}],"version-history":[{"count":1,"href":"https:\/\/www.caririemacao.com\/1\/wp-json\/wp\/v2\/posts\/127808\/revisions"}],"predecessor-version":[{"id":127810,"href":"https:\/\/www.caririemacao.com\/1\/wp-json\/wp\/v2\/posts\/127808\/revisions\/127810"}],"wp:featuredmedia":[{"embeddable":true,"href":"https:\/\/www.caririemacao.com\/1\/wp-json\/wp\/v2\/media\/88201"}],"wp:attachment":[{"href":"https:\/\/www.caririemacao.com\/1\/wp-json\/wp\/v2\/media?parent=127808"}],"wp:term":[{"taxonomy":"category","embeddable":true,"href":"https:\/\/www.caririemacao.com\/1\/wp-json\/wp\/v2\/categories?post=127808"},{"taxonomy":"post_tag","embeddable":true,"href":"https:\/\/www.caririemacao.com\/1\/wp-json\/wp\/v2\/tags?post=127808"}],"curies":[{"name":"wp","href":"https:\/\/api.w.org\/{rel}","templated":true}]}}