{"id":127819,"date":"2019-10-18T14:17:20","date_gmt":"2019-10-18T17:17:20","guid":{"rendered":"http:\/\/www.caririemacao.com\/1\/?p=127819"},"modified":"2019-10-18T14:17:20","modified_gmt":"2019-10-18T17:17:20","slug":"familiares-amigos-e-fas-prestam-homenagens-a-gabriel-diniz-por-seu-aniversario","status":"publish","type":"post","link":"https:\/\/www.caririemacao.com\/1\/2019\/10\/18\/familiares-amigos-e-fas-prestam-homenagens-a-gabriel-diniz-por-seu-aniversario\/","title":{"rendered":"Familiares, amigos e f\u00e3s prestam homenagens a Gabriel Diniz por seu anivers\u00e1rio"},"content":{"rendered":"\n<p> Familiares e amigos prestaram nas redes sociais homenagens, nesta sexta-feira (18), ao cantor Gabriel Diniz,\u00a0pelo seu anivers\u00e1rio. GD morreu em maio deste ano, v\u00edtima de um acidente a\u00e9reo em Sergipe. Gabriel faria 29 anos nesta sexta-feira.<br><\/p>\n\n\n\n<p>De acordo com levantamento feito pelo ClickPB, o pai de GD, seu Cizinato Diniz chamou o filho de anjo e disse que o amor s\u00f3 aumentava. Disse que Gabriel cresceu e surpreendeu a todos &#8220;com uma capacidade de amar, de fazer o bem de fazer rir por rir e de ser gentil e doce assim partiu deixando o melhor da pessoa dele&#8221;.<\/p>\n\n\n\n<figure class=\"wp-block-image\"><img decoding=\"async\" data-src=\"https:\/\/www.clickpb.com.br\/media\/filer_public\/d9\/d5\/d9d5dc7a-734f-4e73-80cb-ecda3eac988e\/gd.png\" alt=\"\" src=\"data:image\/svg+xml;base64,PHN2ZyB3aWR0aD0iMSIgaGVpZ2h0PSIxIiB4bWxucz0iaHR0cDovL3d3dy53My5vcmcvMjAwMC9zdmciPjwvc3ZnPg==\" class=\"lazyload\" \/><\/figure>\n\n\n\n<p>A noiva Karoline Calheiros juntou v\u00e1rias m\u00fasicas do cantor e postou uma homenagem. &#8220;Agora \u00e9 a vez de mostrar o seu talento num lugar de paz e sem julgamentos, eu to aqui te aplaudindo de p\u00e9! Voc\u00ea est\u00e1 de parab\u00e9ns em todos os sentidos, palmas pra voc\u00ea, vida! Dia 18\/10 sempre ser\u00e1 mais iluminado por conta da sua luz! te amo&#8221;, diz Karoline.<\/p>\n\n\n\n<figure class=\"wp-block-image\"><img decoding=\"async\" data-src=\"https:\/\/www.clickpb.com.br\/media\/filer_public\/c1\/2c\/c12c9360-1c1d-4f3e-9e65-978b99385afc\/gdv.png\" alt=\"\" src=\"data:image\/svg+xml;base64,PHN2ZyB3aWR0aD0iMSIgaGVpZ2h0PSIxIiB4bWxucz0iaHR0cDovL3d3dy53My5vcmcvMjAwMC9zdmciPjwvc3ZnPg==\" class=\"lazyload\" \/><\/figure>\n\n\n\n<p>O cantor Wesley Safad\u00e3o postou stories em homenagem ao amigo. Safad\u00e3o aproveitei a noite desta quinta-feira (18) e homenageou GD durante um show.&nbsp;<\/p>\n\n\n\n<figure class=\"wp-block-image\"><img decoding=\"async\" data-src=\"https:\/\/www.clickpb.com.br\/media\/filer_public\/8d\/ca\/8dca6899-3b03-46ce-ae04-da307b913634\/wesley_safaao.png\" alt=\"\" src=\"data:image\/svg+xml;base64,PHN2ZyB3aWR0aD0iMSIgaGVpZ2h0PSIxIiB4bWxucz0iaHR0cDovL3d3dy53My5vcmcvMjAwMC9zdmciPjwvc3ZnPg==\" class=\"lazyload\" \/><\/figure>\n\n\n\n<p>Os humoristas paraibanos Gkay e Renan da Resenha tamb\u00e9m homenagearam o cantor.<\/p>\n\n\n\n<figure class=\"wp-block-image\"><img decoding=\"async\" data-src=\"https:\/\/www.clickpb.com.br\/media\/filer_public\/b8\/19\/b819d28d-038f-4d76-a337-25468f510f45\/gkay.png\" alt=\"\" src=\"data:image\/svg+xml;base64,PHN2ZyB3aWR0aD0iMSIgaGVpZ2h0PSIxIiB4bWxucz0iaHR0cDovL3d3dy53My5vcmcvMjAwMC9zdmciPjwvc3ZnPg==\" class=\"lazyload\" \/><\/figure>\n\n\n\n<figure class=\"wp-block-image\"><img decoding=\"async\" data-src=\"https:\/\/www.clickpb.com.br\/media\/filer_public\/0e\/57\/0e5736b2-e681-4f23-a94c-81782ec7798a\/renan.png\" alt=\"\" src=\"data:image\/svg+xml;base64,PHN2ZyB3aWR0aD0iMSIgaGVpZ2h0PSIxIiB4bWxucz0iaHR0cDovL3d3dy53My5vcmcvMjAwMC9zdmciPjwvc3ZnPg==\" class=\"lazyload\" \/><\/figure>\n\n\n\n<p>F\u00e3s do cantor encheram a \u00faltima publica\u00e7\u00e3o da rede social de Gabriel de mensagens e falando da saudade que sentem.Os f\u00e3-clubes do cantor tamb\u00e9m encheram as redes sociais de mensagens.<br><\/p>\n\n\n\n<figure class=\"wp-block-image\"><img decoding=\"async\" data-src=\"https:\/\/www.clickpb.com.br\/media\/filer_public\/4e\/1e\/4e1e438d-6213-47b1-89bc-bda85908b1a1\/fas.png\" alt=\"\" src=\"data:image\/svg+xml;base64,PHN2ZyB3aWR0aD0iMSIgaGVpZ2h0PSIxIiB4bWxucz0iaHR0cDovL3d3dy53My5vcmcvMjAwMC9zdmciPjwvc3ZnPg==\" class=\"lazyload\" \/><\/figure>\n","protected":false},"excerpt":{"rendered":"<p>Familiares e amigos prestaram nas redes sociais homenagens, nesta sexta-feira (18), ao cantor Gabriel Diniz,\u00a0pelo seu anivers\u00e1rio. GD morreu em maio deste ano, v\u00edtima de&hellip; <\/p>\n","protected":false},"author":1,"featured_media":96794,"comment_status":"closed","ping_status":"closed","sticky":false,"template":"","format":"standard","meta":{"sfsi_plus_gutenberg_text_before_share":"","sfsi_plus_gutenberg_show_text_before_share":"","sfsi_plus_gutenberg_icon_type":"","sfsi_plus_gutenberg_icon_alignemt":"","sfsi_plus_gutenburg_max_per_row":"","footnotes":""},"categories":[2],"tags":[],"class_list":["post-127819","post","type-post","status-publish","format-standard","has-post-thumbnail","hentry","category-geral"],"_links":{"self":[{"href":"https:\/\/www.caririemacao.com\/1\/wp-json\/wp\/v2\/posts\/127819","targetHints":{"allow":["GET"]}}],"collection":[{"href":"https:\/\/www.caririemacao.com\/1\/wp-json\/wp\/v2\/posts"}],"about":[{"href":"https:\/\/www.caririemacao.com\/1\/wp-json\/wp\/v2\/types\/post"}],"author":[{"embeddable":true,"href":"https:\/\/www.caririemacao.com\/1\/wp-json\/wp\/v2\/users\/1"}],"replies":[{"embeddable":true,"href":"https:\/\/www.caririemacao.com\/1\/wp-json\/wp\/v2\/comments?post=127819"}],"version-history":[{"count":1,"href":"https:\/\/www.caririemacao.com\/1\/wp-json\/wp\/v2\/posts\/127819\/revisions"}],"predecessor-version":[{"id":127820,"href":"https:\/\/www.caririemacao.com\/1\/wp-json\/wp\/v2\/posts\/127819\/revisions\/127820"}],"wp:featuredmedia":[{"embeddable":true,"href":"https:\/\/www.caririemacao.com\/1\/wp-json\/wp\/v2\/media\/96794"}],"wp:attachment":[{"href":"https:\/\/www.caririemacao.com\/1\/wp-json\/wp\/v2\/media?parent=127819"}],"wp:term":[{"taxonomy":"category","embeddable":true,"href":"https:\/\/www.caririemacao.com\/1\/wp-json\/wp\/v2\/categories?post=127819"},{"taxonomy":"post_tag","embeddable":true,"href":"https:\/\/www.caririemacao.com\/1\/wp-json\/wp\/v2\/tags?post=127819"}],"curies":[{"name":"wp","href":"https:\/\/api.w.org\/{rel}","templated":true}]}}