{"id":127831,"date":"2019-10-18T14:22:13","date_gmt":"2019-10-18T17:22:13","guid":{"rendered":"http:\/\/www.caririemacao.com\/1\/?p=127831"},"modified":"2019-10-18T14:22:13","modified_gmt":"2019-10-18T17:22:13","slug":"iphone-11-chega-as-lojas-do-brasil-preco-comeca-em-r-4-999","status":"publish","type":"post","link":"https:\/\/www.caririemacao.com\/1\/2019\/10\/18\/iphone-11-chega-as-lojas-do-brasil-preco-comeca-em-r-4-999\/","title":{"rendered":"iPhone 11 chega \u00e0s lojas do Brasil; pre\u00e7o come\u00e7a em R$ 4.999"},"content":{"rendered":"\n<p>Consumidores brasileiros come\u00e7am a ter acesso aos novos iPhone 11, iPhone 11 Pro e iPhone 11 Pro Max nesta sexta-feira (18). A Apple quebrou a tradi\u00e7\u00e3o de vender a gera\u00e7\u00e3o mais moderna em novembro, e come\u00e7a a ofertar os celulares hoje por pre\u00e7os que partem de R$ 4.999 e chegam a R$ 9.599. A empresa reduziu valores para tentar reaquecer o interesse dos f\u00e3s.<\/p>\n\n\n\n<p>A linha do iPhone 11 repete o visual do iPhone X, de 2017. Houve poucas mudan\u00e7as no formato do aparelho. Mesmo assim, os telefones de 2019 t\u00eam processador de \u00faltima gera\u00e7\u00e3o (A13 Bionic) e c\u00e2mera com maior capacidade de produzir fotos pr\u00f3ximas da perfei\u00e7\u00e3o.<\/p>\n\n\n\n<p>Confira os pre\u00e7os praticados oficialmente pela Apple. S\u00e3o estes os valores cobrados na loja online oficial, em parceiros do varejo eletr\u00f4nico e nas lojas da marca em S\u00e3o Paulo e no Rio de Janeiro.<\/p>\n\n\n\n<figure class=\"wp-block-image\"><img decoding=\"async\" data-src=\"https:\/\/www.clickpb.com.br\/media\/filer_public\/cf\/6f\/cf6f83d2-1796-4b67-a662-140023408fd7\/precos_iphone_11.png\" alt=\"\" src=\"data:image\/svg+xml;base64,PHN2ZyB3aWR0aD0iMSIgaGVpZ2h0PSIxIiB4bWxucz0iaHR0cDovL3d3dy53My5vcmcvMjAwMC9zdmciPjwvc3ZnPg==\" class=\"lazyload\" \/><\/figure>\n\n\n\n<p><strong>iPhone 11: a chegada da ultra wide<\/strong><\/p>\n\n\n\n<p>O iPhone 11 se destaca pela estreia da c\u00e2mera ultra wide nos celulares da empresa. O modelo mais b\u00e1sico traz dois sensores de 12 MP e duas lentes na traseira: a j\u00e1 mencionada ultra wide, capaz de captar uma parcela maior da paisagem, e a wide, cuja angula\u00e7\u00e3o \u00e9 mais reduzida. Desta forma, o usu\u00e1rio tem duas op\u00e7\u00f5es na hora de fotografar.<\/p>\n\n\n\n<p>No ano passado, o iPhone XR tinha apenas uma c\u00e2mera na traseira, com a vantagem de gerar fotografias com efeito retrato a partir de ajustes de software. Desta vez, a Apple aposta num robusto conjunto fotogr\u00e1fico para n\u00e3o deixar nenhum consumidor na m\u00e3o. A c\u00e2mera frontal tamb\u00e9m tem 12 MP.<\/p>\n\n\n\n<p>A ficha t\u00e9cnica do iPhone 11 inclui tela LCD de 6,1 polegadas, maior que a do iPhone 11 Pro, por\u00e9m com um tipo de painel de qualidade inferior. A bateria tem longa dura\u00e7\u00e3o e o processador fazem bonito em an\u00e1lises publicadas na imprensa estrangeira, com direito a muita velocidade na execu\u00e7\u00e3o das tarefas.<\/p>\n\n\n\n<p>Quem quiser comprar o iPhone 11 ter\u00e1 seis cores \u00e0 disposi\u00e7\u00e3o: preto, branco, vermelho, lil\u00e1s, amarelo e verde. O acabamento \u00e9 brilhoso e reflexivo.<\/p>\n\n\n\n<p><strong>iPhone 11 Pro: c\u00e2mera tripla<\/strong><\/p>\n\n\n\n<p>Amantes da fotografia ter\u00e3o nos produtos da s\u00e9rie Pro os principais aliados, uma vez que a Apple inclui uma terceira c\u00e2mera. A teleobjetiva permite aproximar-se do personagem que est\u00e1 sendo fotografado para detectar melhor detalhes como os fios de cabelo ou a textura dos objetos.<\/p>\n\n\n\n<p>A tecnologia de tela tamb\u00e9m ganha refor\u00e7o do painel OLED, superior ao LCD do iPhone 11 b\u00e1sico por produzir contrastes mais elevados e n\u00edveis de preto mais escuros. O iPhone 11 Pro tem display de 5,8 polegadas, enquanto o iPhone 11 Pro Max traz componente de 6,5 polegadas.<\/p>\n\n\n\n<p>Os engenheiros da ma\u00e7\u00e3 modificaram o processador para maior efici\u00eancia energ\u00e9tica. A promessa \u00e9 de at\u00e9 5 horas a mais longe da tomada, quando comparados os modelos de ponta deste ano e de 2018. Apesar de divulgar o n\u00famero do acr\u00e9scimo de autonomia, a fabricante n\u00e3o revelou qual o per\u00edodo m\u00e9dio que os aparelhos da linha do iPhone 11 podem ficar sem receber carga.<\/p>\n\n\n\n<p>iPhone 11 Pro e iPhone 11 Pro Max contam com uma nova cor: o Verde Meia-Noite, numa tonalidade que lembra verde musgo. O novo estilo fez sucesso no exterior. Al\u00e9m dele, h\u00e1 tamb\u00e9m os j\u00e1 tradicionais Cinza Espacial, dourado e prata. Os produtos Pro t\u00eam acabamento fosco.<\/p>\n\n\n\n<p>O Pro Max abocanhou recentemente o t\u00edtulo de \u201cmelhor celular do mundo\u201d conferido pela organiza\u00e7\u00e3o de defesa do consumidor Consumer Reports, respons\u00e1vel por uma revista de mesmo nome.<\/p>\n\n\n\n<p>Todos os novos modelos rodam sistema iOS 13.<\/p>\n\n\n\n<p><strong>Ficha t\u00e9cnica do iPhone 11<\/strong><\/p>\n\n\n\n<ul class=\"wp-block-list\"><li>Tamanho da tela: 6,1 polegadas<\/li><li>Resolu\u00e7\u00e3o da tela: 1792 x 828 pixels<\/li><li>Painel da tela: LCD<\/li><li>C\u00e2mera principal: dupla, 12 megapixels<\/li><li>C\u00e2mera frontal (selfie): 12 megapixels<\/li><li>Sistema: iOS 13<\/li><li>Processador: Apple A13 Bionic<\/li><li>Mem\u00f3ria RAM: n\u00e3o informado<\/li><li>Armazenamento (mem\u00f3ria interna): 64 GB, 128 GB e 256 GB<\/li><li>Cart\u00e3o de mem\u00f3ria: sem suporte<\/li><li>Capacidade da bateria: n\u00e3o informado<\/li><li>Dual SIM: sim (nano SIM e eSIM)<\/li><li>Peso: 194 gramas<\/li><li>Cores: preto, verde, amarelo, lil\u00e1s, vermelho e branco<\/li><li>An\u00fancio global: 10 de setembro de 2019<\/li><li>Lan\u00e7amento no Brasil: 18 de outubro de 2019<\/li><li>Pre\u00e7o de lan\u00e7amento no Brasil: R$ 4.999<\/li><\/ul>\n\n\n\n<p><strong>Ficha t\u00e9cnica do iPhone 11 Pro<\/strong><\/p>\n\n\n\n<ul class=\"wp-block-list\"><li>Tamanho da tela: 5,8 polegadas<\/li><li>Resolu\u00e7\u00e3o da tela: 2436 x 1125 pixels<\/li><li>Painel da tela: OLED<\/li><li>C\u00e2mera principal: tripla, 12 megapixels<\/li><li>C\u00e2mera frontal (selfie): 12 megapixels<\/li><li>Sistema: iOS 13<\/li><li>Processador: Apple A13 Bionic<\/li><li>Mem\u00f3ria RAM: n\u00e3o informado<\/li><li>Armazenamento (mem\u00f3ria interna): 64 GB, 256 GB e 512 GB<\/li><li>Cart\u00e3o de mem\u00f3ria: sem suporte<\/li><li>Capacidade da bateria: n\u00e3o informado<\/li><li>Dual SIM: sim (nano SIM e eSIM)<\/li><li>Peso: 188 gramas<\/li><li>Cores: dourado, cinza espacial, prata e Verde da Meia-Noite<\/li><li>An\u00fancio global: 10 de setembro de 2019<\/li><li>Lan\u00e7amento no Brasil: 18 de outubro de 2019<\/li><li>Pre\u00e7o de lan\u00e7amento no Brasil: R$ 6.999<\/li><\/ul>\n\n\n\n<p><strong>Ficha t\u00e9cnica do iPhone 11 Pro Max<\/strong><\/p>\n\n\n\n<ul class=\"wp-block-list\"><li>Tamanho da tela: 6,5 polegadas<\/li><li>Resolu\u00e7\u00e3o da tela: 2688 x 1242 pixels<\/li><li>Painel da tela: OLED<\/li><li>C\u00e2mera principal: tripla, 12 megapixels<\/li><li>C\u00e2mera frontal (selfie): 12 megapixels<\/li><li>Sistema: iOS 13<\/li><li>Processador: Apple A13 Bionic<\/li><li>Mem\u00f3ria RAM: n\u00e3o informado<\/li><li>Armazenamento (mem\u00f3ria interna): 64 GB, 256 GB e 512 GB<\/li><li>Cart\u00e3o de mem\u00f3ria: sem suporte<\/li><li>Capacidade da bateria: n\u00e3o informado<\/li><li>Dual SIM: sim (nano SIM e eSIM)<\/li><li>Peso: 226 gramas<\/li><li>Cores: dourado, cinza espacial, prata e Verde da Meia-Noite<\/li><li>An\u00fancio global: 10 de setembro de 2019<\/li><li>Lan\u00e7amento no Brasil: 18 de outubro de 2019<\/li><li>Pre\u00e7o de lan\u00e7amento no Brasil: R$ 7.599<\/li><\/ul>\n","protected":false},"excerpt":{"rendered":"<p>Consumidores brasileiros come\u00e7am a ter acesso aos novos iPhone 11, iPhone 11 Pro e iPhone 11 Pro Max nesta sexta-feira (18). A Apple quebrou a&hellip; <\/p>\n","protected":false},"author":1,"featured_media":127830,"comment_status":"closed","ping_status":"closed","sticky":false,"template":"","format":"standard","meta":{"sfsi_plus_gutenberg_text_before_share":"","sfsi_plus_gutenberg_show_text_before_share":"","sfsi_plus_gutenberg_icon_type":"","sfsi_plus_gutenberg_icon_alignemt":"","sfsi_plus_gutenburg_max_per_row":"","footnotes":""},"categories":[2],"tags":[],"class_list":["post-127831","post","type-post","status-publish","format-standard","has-post-thumbnail","hentry","category-geral"],"_links":{"self":[{"href":"https:\/\/www.caririemacao.com\/1\/wp-json\/wp\/v2\/posts\/127831","targetHints":{"allow":["GET"]}}],"collection":[{"href":"https:\/\/www.caririemacao.com\/1\/wp-json\/wp\/v2\/posts"}],"about":[{"href":"https:\/\/www.caririemacao.com\/1\/wp-json\/wp\/v2\/types\/post"}],"author":[{"embeddable":true,"href":"https:\/\/www.caririemacao.com\/1\/wp-json\/wp\/v2\/users\/1"}],"replies":[{"embeddable":true,"href":"https:\/\/www.caririemacao.com\/1\/wp-json\/wp\/v2\/comments?post=127831"}],"version-history":[{"count":1,"href":"https:\/\/www.caririemacao.com\/1\/wp-json\/wp\/v2\/posts\/127831\/revisions"}],"predecessor-version":[{"id":127833,"href":"https:\/\/www.caririemacao.com\/1\/wp-json\/wp\/v2\/posts\/127831\/revisions\/127833"}],"wp:featuredmedia":[{"embeddable":true,"href":"https:\/\/www.caririemacao.com\/1\/wp-json\/wp\/v2\/media\/127830"}],"wp:attachment":[{"href":"https:\/\/www.caririemacao.com\/1\/wp-json\/wp\/v2\/media?parent=127831"}],"wp:term":[{"taxonomy":"category","embeddable":true,"href":"https:\/\/www.caririemacao.com\/1\/wp-json\/wp\/v2\/categories?post=127831"},{"taxonomy":"post_tag","embeddable":true,"href":"https:\/\/www.caririemacao.com\/1\/wp-json\/wp\/v2\/tags?post=127831"}],"curies":[{"name":"wp","href":"https:\/\/api.w.org\/{rel}","templated":true}]}}