{"id":127864,"date":"2019-10-18T14:42:33","date_gmt":"2019-10-18T17:42:33","guid":{"rendered":"http:\/\/www.caririemacao.com\/1\/?p=127864"},"modified":"2019-10-18T14:42:33","modified_gmt":"2019-10-18T17:42:33","slug":"governo-libera-100-do-orcamento-de-universidades-federais","status":"publish","type":"post","link":"https:\/\/www.caririemacao.com\/1\/2019\/10\/18\/governo-libera-100-do-orcamento-de-universidades-federais\/","title":{"rendered":"Governo libera 100% do or\u00e7amento de universidades federais"},"content":{"rendered":"\n<p>O Minist\u00e9rio da Educa\u00e7\u00e3o anunciou hoje (18) o descontingenciamento do or\u00e7amento das universidades federais, que foi poss\u00edvel a partir de um remanejamento do or\u00e7amento do MEC.<\/p>\n\n\n\n<p>\u201cCem por cento de todo o or\u00e7amento para o custeio das universidades federais e institutos est\u00e3o sendo descontingenciados neste momento\u201d, disse o ministro da Educa\u00e7\u00e3o, Abraham Weintraub, em entrevista \u00e0 imprensa.<\/p>\n\n\n\n<figure class=\"wp-block-image\"><img decoding=\"async\" data-src=\"https:\/\/paraibaonline.com.br\/wp-content\/uploads\/2019\/10\/weintraub1810.jpg\" alt=\"Wilson Dias\/Ag\u00eancia Brasil\" class=\"wp-image-813511 lazyload\" src=\"data:image\/svg+xml;base64,PHN2ZyB3aWR0aD0iMSIgaGVpZ2h0PSIxIiB4bWxucz0iaHR0cDovL3d3dy53My5vcmcvMjAwMC9zdmciPjwvc3ZnPg==\" \/><\/figure>\n\n\n\n<p>Foto: Wilson Dias\/Ag\u00eancia Brasil<\/p>\n\n\n\n<p>Segundo ele, o contingenciamento n\u00e3o chegou a prejudicar nenhuma das a\u00e7\u00f5es da pasta. \u201cFoi feita uma boa gest\u00e3o. Administramos a crise na boca do caixa. Vamos terminar o ano com tudo rodando bem\u201d, acrescentou.<\/p>\n\n\n\n<p>De acordo com o secret\u00e1rio executivo do minist\u00e9rio, Paulo Vogel, est\u00e3o sendo liberados R$ 1,1 bilh\u00e3o dos R$ 19,6 bilh\u00f5es que j\u00e1 estavam previstos para as despesas discricion\u00e1rias do MEC. Vogel disse que o valor est\u00e1 sendo realocado de outras despesas ministeriais.<\/p>\n\n\n\n<p>Na entrevista, Weintraub disse ainda que o Exame Nacional do Ensino M\u00e9dio (Enem), cujas provas ser\u00e3o aplicadas nos dias 3 e 10 de novembro, ocorre tranquilamente este ano. \u201cAs provas j\u00e1 foram impressas. Os alunos que se preparem\u201d<\/p>\n","protected":false},"excerpt":{"rendered":"<p>O Minist\u00e9rio da Educa\u00e7\u00e3o anunciou hoje (18) o descontingenciamento do or\u00e7amento das universidades federais, que foi poss\u00edvel a partir de um remanejamento do or\u00e7amento do&hellip; <\/p>\n","protected":false},"author":1,"featured_media":127866,"comment_status":"closed","ping_status":"closed","sticky":false,"template":"","format":"standard","meta":{"sfsi_plus_gutenberg_text_before_share":"","sfsi_plus_gutenberg_show_text_before_share":"","sfsi_plus_gutenberg_icon_type":"","sfsi_plus_gutenberg_icon_alignemt":"","sfsi_plus_gutenburg_max_per_row":"","footnotes":""},"categories":[14],"tags":[],"class_list":["post-127864","post","type-post","status-publish","format-standard","has-post-thumbnail","hentry","category-educacao"],"_links":{"self":[{"href":"https:\/\/www.caririemacao.com\/1\/wp-json\/wp\/v2\/posts\/127864","targetHints":{"allow":["GET"]}}],"collection":[{"href":"https:\/\/www.caririemacao.com\/1\/wp-json\/wp\/v2\/posts"}],"about":[{"href":"https:\/\/www.caririemacao.com\/1\/wp-json\/wp\/v2\/types\/post"}],"author":[{"embeddable":true,"href":"https:\/\/www.caririemacao.com\/1\/wp-json\/wp\/v2\/users\/1"}],"replies":[{"embeddable":true,"href":"https:\/\/www.caririemacao.com\/1\/wp-json\/wp\/v2\/comments?post=127864"}],"version-history":[{"count":1,"href":"https:\/\/www.caririemacao.com\/1\/wp-json\/wp\/v2\/posts\/127864\/revisions"}],"predecessor-version":[{"id":127867,"href":"https:\/\/www.caririemacao.com\/1\/wp-json\/wp\/v2\/posts\/127864\/revisions\/127867"}],"wp:featuredmedia":[{"embeddable":true,"href":"https:\/\/www.caririemacao.com\/1\/wp-json\/wp\/v2\/media\/127866"}],"wp:attachment":[{"href":"https:\/\/www.caririemacao.com\/1\/wp-json\/wp\/v2\/media?parent=127864"}],"wp:term":[{"taxonomy":"category","embeddable":true,"href":"https:\/\/www.caririemacao.com\/1\/wp-json\/wp\/v2\/categories?post=127864"},{"taxonomy":"post_tag","embeddable":true,"href":"https:\/\/www.caririemacao.com\/1\/wp-json\/wp\/v2\/tags?post=127864"}],"curies":[{"name":"wp","href":"https:\/\/api.w.org\/{rel}","templated":true}]}}