{"id":127874,"date":"2019-10-18T14:53:09","date_gmt":"2019-10-18T17:53:09","guid":{"rendered":"http:\/\/www.caririemacao.com\/1\/?p=127874"},"modified":"2019-10-18T14:53:09","modified_gmt":"2019-10-18T17:53:09","slug":"seguranca-na-segunda-quinzena-de-outubro-deve-ser-intensificada-com-novas-operacoes-na-regiao-do-cariri","status":"publish","type":"post","link":"https:\/\/www.caririemacao.com\/1\/2019\/10\/18\/seguranca-na-segunda-quinzena-de-outubro-deve-ser-intensificada-com-novas-operacoes-na-regiao-do-cariri\/","title":{"rendered":"Seguran\u00e7a na segunda quinzena de outubro deve ser intensificada com novas opera\u00e7\u00f5es na regi\u00e3o do Cariri"},"content":{"rendered":"\n<p><em>SESDS<\/em><br>\n<em>PMPB<\/em><br>\n<em>CPR I<\/em><br>\n<em>11\u00b0 BPM<\/em><\/p>\n\n\n\n<p>As a\u00e7\u00f5es contra roubos, homic\u00eddios, tr\u00e1fico de drogas e outros crimes devem ser intensificadas nesta segunda quinzena de outubro, com o aumento das opera\u00e7\u00f5es preventivas realizadas pela Pol\u00edcia Militar. O planejamento para os pr\u00f3ximos 15 dias foi definido nesta segunda-feira (14), em uma reuni\u00e3o que aconteceu na sede do Comando Geral da PM.<\/p>\n\n\n\n<p>\u201cTeremos novas edi\u00e7\u00f5es da opera\u00e7\u00e3o Alvorada, sendo deflagradas de surpresa. A opera\u00e7\u00e3o N\u00f4made vai ocupar pontos estrat\u00e9gicos com mais frequ\u00eancia. A opera\u00e7\u00e3o P\u00f4r do Sol ser\u00e1 colocada nas ruas, com mais intensidade. Ou seja, \u00e9 um conjunto de a\u00e7\u00f5es e opera\u00e7\u00f5es que ser\u00e3o focadas com base nas estat\u00edsticas e sempre com o objetivo de gerar mais sensa\u00e7\u00e3o de seguran\u00e7a para a popula\u00e7\u00e3o, seja na hora de ir ou voltar do trabalho, escola, nos \u00f4nibus, no com\u00e9rcio e em v\u00e1rios outros locais que demandem esse refor\u00e7o\u201d, destacou o comandante-geral, coronel Euller Chaves, que esteve \u00e0 frente da reuni\u00e3o de onde sa\u00edram as defini\u00e7\u00f5es.<\/p>\n\n\n\n<p>Na reuni\u00e3o, que contou com a presen\u00e7a de v\u00e1rios comandantes de batalh\u00f5es operacionais da Pol\u00edcia Militar, a Coordenadoria de Estat\u00edstica e Avalia\u00e7\u00e3o do Estado Maior Estrat\u00e9gico da institui\u00e7\u00e3o apresentou um estudo atualizado sobre as ocorr\u00eancias em todo o Estado, que mostra que houve uma queda de mais de 10% nos roubos na \u00faltima semana. O estudo servir\u00e1 de base para as opera\u00e7\u00f5es dos pr\u00f3ximos dias, inclusive definindo hor\u00e1rios, dias e locais para acontecerem.<\/p>\n\n\n\n<p>Nos \u00faltimos sete dias, mais de 12 opera\u00e7\u00f5es foram realizadas pela corpora\u00e7\u00e3o, com destaque para a 6\u00aa edi\u00e7\u00e3o da Alvorada e para a Crian\u00e7a Feliz, essa de ocupa\u00e7\u00e3o com car\u00e1ter social, distribuindo brinquedos para crian\u00e7as de comunidades carentes.<\/p>\n","protected":false},"excerpt":{"rendered":"<p>SESDS PMPB CPR I 11\u00b0 BPM As a\u00e7\u00f5es contra roubos, homic\u00eddios, tr\u00e1fico de drogas e outros crimes devem ser intensificadas nesta segunda quinzena de outubro,&hellip; <\/p>\n","protected":false},"author":1,"featured_media":127877,"comment_status":"closed","ping_status":"closed","sticky":false,"template":"","format":"standard","meta":{"sfsi_plus_gutenberg_text_before_share":"","sfsi_plus_gutenberg_show_text_before_share":"","sfsi_plus_gutenberg_icon_type":"","sfsi_plus_gutenberg_icon_alignemt":"","sfsi_plus_gutenburg_max_per_row":"","footnotes":""},"categories":[50,12],"tags":[],"class_list":["post-127874","post","type-post","status-publish","format-standard","has-post-thumbnail","hentry","category-destaque","category-policia"],"_links":{"self":[{"href":"https:\/\/www.caririemacao.com\/1\/wp-json\/wp\/v2\/posts\/127874","targetHints":{"allow":["GET"]}}],"collection":[{"href":"https:\/\/www.caririemacao.com\/1\/wp-json\/wp\/v2\/posts"}],"about":[{"href":"https:\/\/www.caririemacao.com\/1\/wp-json\/wp\/v2\/types\/post"}],"author":[{"embeddable":true,"href":"https:\/\/www.caririemacao.com\/1\/wp-json\/wp\/v2\/users\/1"}],"replies":[{"embeddable":true,"href":"https:\/\/www.caririemacao.com\/1\/wp-json\/wp\/v2\/comments?post=127874"}],"version-history":[{"count":1,"href":"https:\/\/www.caririemacao.com\/1\/wp-json\/wp\/v2\/posts\/127874\/revisions"}],"predecessor-version":[{"id":127878,"href":"https:\/\/www.caririemacao.com\/1\/wp-json\/wp\/v2\/posts\/127874\/revisions\/127878"}],"wp:featuredmedia":[{"embeddable":true,"href":"https:\/\/www.caririemacao.com\/1\/wp-json\/wp\/v2\/media\/127877"}],"wp:attachment":[{"href":"https:\/\/www.caririemacao.com\/1\/wp-json\/wp\/v2\/media?parent=127874"}],"wp:term":[{"taxonomy":"category","embeddable":true,"href":"https:\/\/www.caririemacao.com\/1\/wp-json\/wp\/v2\/categories?post=127874"},{"taxonomy":"post_tag","embeddable":true,"href":"https:\/\/www.caririemacao.com\/1\/wp-json\/wp\/v2\/tags?post=127874"}],"curies":[{"name":"wp","href":"https:\/\/api.w.org\/{rel}","templated":true}]}}