{"id":127876,"date":"2019-10-18T15:02:08","date_gmt":"2019-10-18T18:02:08","guid":{"rendered":"http:\/\/www.caririemacao.com\/1\/?p=127876"},"modified":"2019-10-18T15:02:08","modified_gmt":"2019-10-18T18:02:08","slug":"prefeitura-municipal-de-amparo-inicia-programa-de-recuperacao-de-pocos-na-zona-rural","status":"publish","type":"post","link":"https:\/\/www.caririemacao.com\/1\/2019\/10\/18\/prefeitura-municipal-de-amparo-inicia-programa-de-recuperacao-de-pocos-na-zona-rural\/","title":{"rendered":"Prefeitura Municipal de Amparo inicia programa de recupera\u00e7\u00e3o de po\u00e7os na Zona Rural"},"content":{"rendered":"\n<figure class=\"wp-block-image\"><img decoding=\"async\" data-src=\"https:\/\/1.bp.blogspot.com\/-F73htjkD3fw\/XaneuEoqm0I\/AAAAAAABEkw\/IZrQKNl9TBExQk7_3FU_NJCa-aaM_G0gQCLcBGAsYHQ\/s400\/02.jpg\" alt=\"02\" src=\"data:image\/svg+xml;base64,PHN2ZyB3aWR0aD0iMSIgaGVpZ2h0PSIxIiB4bWxucz0iaHR0cDovL3d3dy53My5vcmcvMjAwMC9zdmciPjwvc3ZnPg==\" class=\"lazyload\" \/><\/figure>\n\n\n\n<p>Atrav\u00e9s da secretaria de obras a prefeitura municipal de Amparo deu in\u00edcio nesta quinta-feira (17), ao Programa de Recupera\u00e7\u00e3o de Po\u00e7os na zona rural.<br>A primeira localidade atendimento foi o s\u00edtio Amaro, atendida com a recupera\u00e7\u00e3o de duas unidades operacionais.<br>Segundo o prefeito In\u00e1cio N\u00f3brega este programa faz parte de um cronograma que atender\u00e1 todas as \u00e1reas do munic\u00edpio. Vale destacar que todo esse programa \u00e9 custeado com recursos pr\u00f3prios.<br><\/p>\n\n\n\n<p><strong>Com informa\u00e7\u00f5es de Wanderley Paulo no site Amparo Ligado<\/strong><\/p>\n","protected":false},"excerpt":{"rendered":"<p>Atrav\u00e9s da secretaria de obras a prefeitura municipal de Amparo deu in\u00edcio nesta quinta-feira (17), ao Programa de Recupera\u00e7\u00e3o de Po\u00e7os na zona rural.A primeira&hellip; <\/p>\n","protected":false},"author":1,"featured_media":127883,"comment_status":"closed","ping_status":"closed","sticky":false,"template":"","format":"standard","meta":{"sfsi_plus_gutenberg_text_before_share":"","sfsi_plus_gutenberg_show_text_before_share":"","sfsi_plus_gutenberg_icon_type":"","sfsi_plus_gutenberg_icon_alignemt":"","sfsi_plus_gutenburg_max_per_row":"","footnotes":""},"categories":[6],"tags":[],"class_list":["post-127876","post","type-post","status-publish","format-standard","has-post-thumbnail","hentry","category-cidades"],"_links":{"self":[{"href":"https:\/\/www.caririemacao.com\/1\/wp-json\/wp\/v2\/posts\/127876","targetHints":{"allow":["GET"]}}],"collection":[{"href":"https:\/\/www.caririemacao.com\/1\/wp-json\/wp\/v2\/posts"}],"about":[{"href":"https:\/\/www.caririemacao.com\/1\/wp-json\/wp\/v2\/types\/post"}],"author":[{"embeddable":true,"href":"https:\/\/www.caririemacao.com\/1\/wp-json\/wp\/v2\/users\/1"}],"replies":[{"embeddable":true,"href":"https:\/\/www.caririemacao.com\/1\/wp-json\/wp\/v2\/comments?post=127876"}],"version-history":[{"count":1,"href":"https:\/\/www.caririemacao.com\/1\/wp-json\/wp\/v2\/posts\/127876\/revisions"}],"predecessor-version":[{"id":127884,"href":"https:\/\/www.caririemacao.com\/1\/wp-json\/wp\/v2\/posts\/127876\/revisions\/127884"}],"wp:featuredmedia":[{"embeddable":true,"href":"https:\/\/www.caririemacao.com\/1\/wp-json\/wp\/v2\/media\/127883"}],"wp:attachment":[{"href":"https:\/\/www.caririemacao.com\/1\/wp-json\/wp\/v2\/media?parent=127876"}],"wp:term":[{"taxonomy":"category","embeddable":true,"href":"https:\/\/www.caririemacao.com\/1\/wp-json\/wp\/v2\/categories?post=127876"},{"taxonomy":"post_tag","embeddable":true,"href":"https:\/\/www.caririemacao.com\/1\/wp-json\/wp\/v2\/tags?post=127876"}],"curies":[{"name":"wp","href":"https:\/\/api.w.org\/{rel}","templated":true}]}}