{"id":127886,"date":"2019-10-18T15:03:08","date_gmt":"2019-10-18T18:03:08","guid":{"rendered":"http:\/\/www.caririemacao.com\/1\/?p=127886"},"modified":"2019-10-18T15:03:08","modified_gmt":"2019-10-18T18:03:08","slug":"prefeitura-de-camalau-realiza-acoes-de-aracao-de-terra-e-limpeza-de-barreiros-na-zona-rural-alem-de-melhorias-no-transito-na-zona-urbana","status":"publish","type":"post","link":"https:\/\/www.caririemacao.com\/1\/2019\/10\/18\/prefeitura-de-camalau-realiza-acoes-de-aracao-de-terra-e-limpeza-de-barreiros-na-zona-rural-alem-de-melhorias-no-transito-na-zona-urbana\/","title":{"rendered":"Prefeitura de Camala\u00fa realiza a\u00e7\u00f5es de ara\u00e7\u00e3o de terra e limpeza de barreiros na zona rural, al\u00e9m de melhorias no tr\u00e2nsito na zona urbana"},"content":{"rendered":"\n<p>A prefeitura de Camala\u00fa continua realizando obras e oferecendo servi\u00e7os e melhorias \u00e0 popula\u00e7\u00e3o tanto da zona urbana, quanto da zona rural.<br>Esta semana, muitos servi\u00e7os foram realizados. Na zona rural, por exemplo foram realizadas a\u00e7\u00f5es de ara\u00e7\u00e3o de terra atrav\u00e9s da secretaria de agricultura, servi\u00e7os que entraram algumas vezes pela noite afora, totalizando mais de 06 horas de muito trabalho.<br>A secretaria de agricultura tamb\u00e9m realizou a\u00e7\u00f5es de limpeza de barreiros e cacimbas, que s\u00e3o muito importantes para a popula\u00e7\u00e3o da zona rural.<br>Outra a\u00e7\u00e3o relevante na zona rural, \u00e9 a constru\u00e7\u00e3o do dessalinizador na comunidade do Assentamento Eldorado dos Caraj\u00e1s, que j\u00e1 est\u00e1 em fase bastante avan\u00e7ada, devendo ser mais uma obra inaugurada em breve pela gest\u00e3o do prefeito Sandro M\u00f4co.<br><strong>ZONA URBANA<\/strong><\/p>\n\n\n\n<figure class=\"wp-block-image\"><a href=\"https:\/\/1.bp.blogspot.com\/-eZxyGkQ6jss\/XamikzSrdZI\/AAAAAAAAGwc\/A5Oa5WDN3-8T_34QQJe7GcUGaAD0QgblgCLcBGAsYHQ\/s1600\/11.jpg\"><img decoding=\"async\" data-src=\"https:\/\/1.bp.blogspot.com\/-eZxyGkQ6jss\/XamikzSrdZI\/AAAAAAAAGwc\/A5Oa5WDN3-8T_34QQJe7GcUGaAD0QgblgCLcBGAsYHQ\/s320\/11.jpg\" alt=\"11\" src=\"data:image\/svg+xml;base64,PHN2ZyB3aWR0aD0iMSIgaGVpZ2h0PSIxIiB4bWxucz0iaHR0cDovL3d3dy53My5vcmcvMjAwMC9zdmciPjwvc3ZnPg==\" class=\"lazyload\" \/><\/a><\/figure>\n\n\n\n<p>J\u00e1 na zona urbana, o destaque fica por conta da implanta\u00e7\u00e3o das novas lombadas e de todo um conjunto novo de sinaliza\u00e7\u00e3o de transito atrav\u00e9s da Secretaria de Infraestrutura.<br>As placas de sinaliza\u00e7\u00e3o est\u00e3o sendo implantadas em todos os pontos necess\u00e1rios, ajudando a melhorar o tr\u00e1fego tanto para os visitantes, quanto para a popula\u00e7\u00e3o local.<br>\u201cEstamos realizando a\u00e7\u00f5es constantemente e buscando cada vez mais melhorias. Todos os dias temos a\u00e7\u00f5es realizadas pela nossa gest\u00e3o\u201d, afirmou o prefeito Sandro M\u00f4co.<br><strong>F\u00c1BIO BRITO<\/strong><strong>COM INFORMA\u00c7\u00d5ES E FOTOS DE TINDA OLIVEIRA<\/strong><br><\/p>\n","protected":false},"excerpt":{"rendered":"<p>A prefeitura de Camala\u00fa continua realizando obras e oferecendo servi\u00e7os e melhorias \u00e0 popula\u00e7\u00e3o tanto da zona urbana, quanto da zona rural.Esta semana, muitos servi\u00e7os&hellip; <\/p>\n","protected":false},"author":1,"featured_media":127887,"comment_status":"closed","ping_status":"closed","sticky":false,"template":"","format":"standard","meta":{"sfsi_plus_gutenberg_text_before_share":"","sfsi_plus_gutenberg_show_text_before_share":"","sfsi_plus_gutenberg_icon_type":"","sfsi_plus_gutenberg_icon_alignemt":"","sfsi_plus_gutenburg_max_per_row":"","footnotes":""},"categories":[6],"tags":[],"class_list":["post-127886","post","type-post","status-publish","format-standard","has-post-thumbnail","hentry","category-cidades"],"_links":{"self":[{"href":"https:\/\/www.caririemacao.com\/1\/wp-json\/wp\/v2\/posts\/127886","targetHints":{"allow":["GET"]}}],"collection":[{"href":"https:\/\/www.caririemacao.com\/1\/wp-json\/wp\/v2\/posts"}],"about":[{"href":"https:\/\/www.caririemacao.com\/1\/wp-json\/wp\/v2\/types\/post"}],"author":[{"embeddable":true,"href":"https:\/\/www.caririemacao.com\/1\/wp-json\/wp\/v2\/users\/1"}],"replies":[{"embeddable":true,"href":"https:\/\/www.caririemacao.com\/1\/wp-json\/wp\/v2\/comments?post=127886"}],"version-history":[{"count":1,"href":"https:\/\/www.caririemacao.com\/1\/wp-json\/wp\/v2\/posts\/127886\/revisions"}],"predecessor-version":[{"id":127888,"href":"https:\/\/www.caririemacao.com\/1\/wp-json\/wp\/v2\/posts\/127886\/revisions\/127888"}],"wp:featuredmedia":[{"embeddable":true,"href":"https:\/\/www.caririemacao.com\/1\/wp-json\/wp\/v2\/media\/127887"}],"wp:attachment":[{"href":"https:\/\/www.caririemacao.com\/1\/wp-json\/wp\/v2\/media?parent=127886"}],"wp:term":[{"taxonomy":"category","embeddable":true,"href":"https:\/\/www.caririemacao.com\/1\/wp-json\/wp\/v2\/categories?post=127886"},{"taxonomy":"post_tag","embeddable":true,"href":"https:\/\/www.caririemacao.com\/1\/wp-json\/wp\/v2\/tags?post=127886"}],"curies":[{"name":"wp","href":"https:\/\/api.w.org\/{rel}","templated":true}]}}