{"id":127889,"date":"2019-10-18T15:05:11","date_gmt":"2019-10-18T18:05:11","guid":{"rendered":"http:\/\/www.caririemacao.com\/1\/?p=127889"},"modified":"2019-10-18T15:05:50","modified_gmt":"2019-10-18T18:05:50","slug":"prefeitura-de-sao-sebastiao-do-umbuzeiro-realiza-iv-mostra-cultural-do-scfv","status":"publish","type":"post","link":"https:\/\/www.caririemacao.com\/1\/2019\/10\/18\/prefeitura-de-sao-sebastiao-do-umbuzeiro-realiza-iv-mostra-cultural-do-scfv\/","title":{"rendered":"Prefeitura de S\u00e3o Sebasti\u00e3o do Umbuzeiro realiza IV Mostra Cultural do SCFV"},"content":{"rendered":"\n<figure class=\"wp-block-image\"><img decoding=\"async\" data-src=\"https:\/\/lh4.googleusercontent.com\/proxy\/HwNuBQDht-Jz7XcDUqXZJeqOJcbCaLk5bLe960qfFUT8MANnv8x6GEhPc0uXR4h-0h6ivKA9-ylFZLhALBv-XHzYE9Xbhtg6U0rfJsYXNTeYZsf3fn6Yhw=s0-d\" alt=\".com\/proxy\/\" src=\"data:image\/svg+xml;base64,PHN2ZyB3aWR0aD0iMSIgaGVpZ2h0PSIxIiB4bWxucz0iaHR0cDovL3d3dy53My5vcmcvMjAwMC9zdmciPjwvc3ZnPg==\" class=\"lazyload\" \/><\/figure>\n\n\n\n<p>A Prefeitura de S\u00e3o Sebasti\u00e3o do Umbuzeiro, atrav\u00e9s da Secretaria Municipal de Assist\u00eancia Social e Desenvolvimento Humano, promoveu na tarde desta quinta-feira (17), a IV Mostra Cultural do Servi\u00e7o de Conviv\u00eancia e Fortalecimento de V\u00ednculos \u2013 SCFV, que teve como Tema: a Amaz\u00f4nia.<br>Aluno da Rede Municipal de Ensino e a popula\u00e7\u00e3o pode conferir os trabalhos desenvolvidos pelos alunos do SCFV. Foram expostos temas culturais da Amaz\u00f4nia, como artesanatos, pinturas, desenhos, artesanato \u00e9tnico, al\u00e9m de apresenta\u00e7\u00e3o de Dan\u00e7as e do Grupo de Capoeiras.<br>A Secret\u00e1ria de Assist\u00eancia Social, Joaquina, destacou a participa\u00e7\u00e3o das fam\u00edlias e da comunidade na IV Mostra Cultural do SCFV. \u201cFicamos muito felizes com a participa\u00e7\u00e3o dos familiares das nossas crian\u00e7as e dos adolescentes. Foi uma grande mostra sobre a Amaz\u00f4nia, que emocionou cada um e cada uma que est\u00e1 aqui presente\u201d, finalizou a Secret\u00e1ria.<br><strong>COM BLOG DO DIDI<\/strong><\/p>\n","protected":false},"excerpt":{"rendered":"<p>A Prefeitura de S\u00e3o Sebasti\u00e3o do Umbuzeiro, atrav\u00e9s da Secretaria Municipal de Assist\u00eancia Social e Desenvolvimento Humano, promoveu na tarde desta quinta-feira (17), a IV&hellip; <\/p>\n","protected":false},"author":1,"featured_media":127891,"comment_status":"closed","ping_status":"closed","sticky":false,"template":"","format":"standard","meta":{"sfsi_plus_gutenberg_text_before_share":"","sfsi_plus_gutenberg_show_text_before_share":"","sfsi_plus_gutenberg_icon_type":"","sfsi_plus_gutenberg_icon_alignemt":"","sfsi_plus_gutenburg_max_per_row":"","footnotes":""},"categories":[2],"tags":[],"class_list":["post-127889","post","type-post","status-publish","format-standard","has-post-thumbnail","hentry","category-geral"],"_links":{"self":[{"href":"https:\/\/www.caririemacao.com\/1\/wp-json\/wp\/v2\/posts\/127889","targetHints":{"allow":["GET"]}}],"collection":[{"href":"https:\/\/www.caririemacao.com\/1\/wp-json\/wp\/v2\/posts"}],"about":[{"href":"https:\/\/www.caririemacao.com\/1\/wp-json\/wp\/v2\/types\/post"}],"author":[{"embeddable":true,"href":"https:\/\/www.caririemacao.com\/1\/wp-json\/wp\/v2\/users\/1"}],"replies":[{"embeddable":true,"href":"https:\/\/www.caririemacao.com\/1\/wp-json\/wp\/v2\/comments?post=127889"}],"version-history":[{"count":1,"href":"https:\/\/www.caririemacao.com\/1\/wp-json\/wp\/v2\/posts\/127889\/revisions"}],"predecessor-version":[{"id":127890,"href":"https:\/\/www.caririemacao.com\/1\/wp-json\/wp\/v2\/posts\/127889\/revisions\/127890"}],"wp:featuredmedia":[{"embeddable":true,"href":"https:\/\/www.caririemacao.com\/1\/wp-json\/wp\/v2\/media\/127891"}],"wp:attachment":[{"href":"https:\/\/www.caririemacao.com\/1\/wp-json\/wp\/v2\/media?parent=127889"}],"wp:term":[{"taxonomy":"category","embeddable":true,"href":"https:\/\/www.caririemacao.com\/1\/wp-json\/wp\/v2\/categories?post=127889"},{"taxonomy":"post_tag","embeddable":true,"href":"https:\/\/www.caririemacao.com\/1\/wp-json\/wp\/v2\/tags?post=127889"}],"curies":[{"name":"wp","href":"https:\/\/api.w.org\/{rel}","templated":true}]}}