{"id":127896,"date":"2019-10-18T15:26:47","date_gmt":"2019-10-18T18:26:47","guid":{"rendered":"http:\/\/www.caririemacao.com\/1\/?p=127896"},"modified":"2019-10-18T15:26:47","modified_gmt":"2019-10-18T18:26:47","slug":"psl-suspende-5-deputados-bolsonaristas-e-amplia-poder-de-ala-pro-bivar","status":"publish","type":"post","link":"https:\/\/www.caririemacao.com\/1\/2019\/10\/18\/psl-suspende-5-deputados-bolsonaristas-e-amplia-poder-de-ala-pro-bivar\/","title":{"rendered":"PSL suspende 5 deputados bolsonaristas e amplia poder de ala pr\u00f3-Bivar"},"content":{"rendered":"\n<p>&nbsp;(FOLHAPRESS) &#8211; Em mais um cap\u00edtulo da guerra aberta no PSL, a ala ligada ao deputado Luciano Bivar (PSL-PE) aumentou nesta sexta-feira (18) sua representa\u00e7\u00e3o no diret\u00f3rio nacional da legenda, anunciou a suspens\u00e3o de deputados bolsonaristas e confirmou trocas nos diret\u00f3rios comandados pelos filhos do presidente Jair Bolsonaro.<br><\/p>\n\n\n\n<p>Em uma conven\u00e7\u00e3o realizada na manh\u00e3 desta sexta em Bras\u00edlia, foram eleitas 52 novas pessoas para o diret\u00f3rio nacional, que passou a ter 153 membros.<\/p>\n\n\n\n<p>De acordo com parlamentares que acompanharam o encontro, a maioria dos novos integrantes \u2014 que t\u00eam direito a voto na elei\u00e7\u00e3o em novembro para a presid\u00eancia do PSL \u2014 \u00e9 alinhada a Bivar.<\/p>\n\n\n\n<p>O grupo bivarista anunciou ainda que cinco deputados que assinaram a lista para tentar destituir o deputado Delegado Waldir (GO) da lideran\u00e7a do PSL na C\u00e2mara ser\u00e3o suspensos das atividades partid\u00e1rias. S\u00e3o eles: Carlos Jordy (RJ), Al\u00ea Silva (MG), Bibo Nunes (RS), Carla Zambelli e Filipe Barros (PR).<\/p>\n\n\n\n<p>Por \u00faltimo, disseram que haver\u00e1 trocas no comando do PSL nos estados do Rio de Janeiro e S\u00e3o Paulo, presididos respectivamente pelo senador Fl\u00e1vio Bolsonaro e pelo deputado Eduardo Bolsonaro, filhos do presidente da Rep\u00fablica.<\/p>\n\n\n\n<p>&#8220;N\u00f3s tivemos agora a conven\u00e7\u00e3o do partido, a adequa\u00e7\u00e3o do estatuto e complemento de quadros [no diret\u00f3rio] que eram mais do que necess\u00e1rios&#8221;, afirmou o senador Major Olimpio, l\u00edder do PSL no Senado.<\/p>\n\n\n\n<p>De acordo com o senador, na pr\u00f3xima ter\u00e7a-feira (22) parlamentares do PSL nos dois estados apresentar\u00e3o a Bivar listas com as novas composi\u00e7\u00f5es nas executivas estaduais, para que o presidente nacional do partido efetue as trocas.<\/p>\n\n\n\n<p>Antes do in\u00edcio da reuni\u00e3o do diret\u00f3rio, Olimpio j\u00e1 havia afirmado que as modifica\u00e7\u00f5es seriam realizadas.<\/p>\n\n\n\n<p>&#8220;H\u00e1 uma exig\u00eancia dos parlamentares nos estados da total impossibilidade de se prosseguir. Um dos grandes problemas que gerou conflito do presidente com o partido foi o Eduardo Bolsonaro. Onde h\u00e1 insatisfa\u00e7\u00e3o dos parlamentares do Rio, dizendo n\u00f3s n\u00e3o queremos mais? Fl\u00e1vio Bolsonaro&#8221;.<\/p>\n\n\n\n<p>Interlocutores disseram \u00e0 Folha que, em S\u00e3o Paulo, o diret\u00f3rio do PSL ser\u00e1 dividido entre os deputados Coronel Tadeu, Joice Hasselmann, Junior Bozzella e Abou Anni.<\/p>\n\n\n\n<p>J\u00e1 a composi\u00e7\u00e3o no Rio deve ser feita entre os deputados Fel\u00edcio Later\u00e7a, Professor Joziel, Lourival Gomes e Gurgel.<\/p>\n\n\n\n<p>O atual l\u00edder da bancada, delegado Waldir, disse ao final da reuni\u00e3o que o partido questionar\u00e1 na Justi\u00e7a se deputados bolsonaristas decidirem sair do partido.<br>&#8220;O partido que possibilitou eles se elegerem. Se agora querem cuspir no prato do partido, que pulem do 17\u00ba andar&#8221;, declarou.&nbsp;<\/p>\n\n\n\n<p>A deputada Carla Zambelli, uma das \u00fanicas representantes do grupo bolsonarista que compareceu \u00e0 reuni\u00e3o, disse que n\u00e3o sabe se o presidente tem inten\u00e7\u00e3o de permanecer no PSL.<\/p>\n\n\n\n<p>Ela criticou ainda o an\u00fancio de que haver\u00e1 troca nos diret\u00f3rios em S\u00e3o Paulo e no Rio. &#8220;Eu sou da base de S\u00e3o Paulo e n\u00e3o pedi a destitui\u00e7\u00e3o do Eduardo&#8221;, disse.<\/p>\n","protected":false},"excerpt":{"rendered":"<p>&nbsp;(FOLHAPRESS) &#8211; Em mais um cap\u00edtulo da guerra aberta no PSL, a ala ligada ao deputado Luciano Bivar (PSL-PE) aumentou nesta sexta-feira (18) sua representa\u00e7\u00e3o&hellip; <\/p>\n","protected":false},"author":1,"featured_media":127897,"comment_status":"closed","ping_status":"closed","sticky":false,"template":"","format":"standard","meta":{"sfsi_plus_gutenberg_text_before_share":"","sfsi_plus_gutenberg_show_text_before_share":"","sfsi_plus_gutenberg_icon_type":"","sfsi_plus_gutenberg_icon_alignemt":"","sfsi_plus_gutenburg_max_per_row":"","footnotes":""},"categories":[11],"tags":[],"class_list":["post-127896","post","type-post","status-publish","format-standard","has-post-thumbnail","hentry","category-politica"],"_links":{"self":[{"href":"https:\/\/www.caririemacao.com\/1\/wp-json\/wp\/v2\/posts\/127896","targetHints":{"allow":["GET"]}}],"collection":[{"href":"https:\/\/www.caririemacao.com\/1\/wp-json\/wp\/v2\/posts"}],"about":[{"href":"https:\/\/www.caririemacao.com\/1\/wp-json\/wp\/v2\/types\/post"}],"author":[{"embeddable":true,"href":"https:\/\/www.caririemacao.com\/1\/wp-json\/wp\/v2\/users\/1"}],"replies":[{"embeddable":true,"href":"https:\/\/www.caririemacao.com\/1\/wp-json\/wp\/v2\/comments?post=127896"}],"version-history":[{"count":1,"href":"https:\/\/www.caririemacao.com\/1\/wp-json\/wp\/v2\/posts\/127896\/revisions"}],"predecessor-version":[{"id":127898,"href":"https:\/\/www.caririemacao.com\/1\/wp-json\/wp\/v2\/posts\/127896\/revisions\/127898"}],"wp:featuredmedia":[{"embeddable":true,"href":"https:\/\/www.caririemacao.com\/1\/wp-json\/wp\/v2\/media\/127897"}],"wp:attachment":[{"href":"https:\/\/www.caririemacao.com\/1\/wp-json\/wp\/v2\/media?parent=127896"}],"wp:term":[{"taxonomy":"category","embeddable":true,"href":"https:\/\/www.caririemacao.com\/1\/wp-json\/wp\/v2\/categories?post=127896"},{"taxonomy":"post_tag","embeddable":true,"href":"https:\/\/www.caririemacao.com\/1\/wp-json\/wp\/v2\/tags?post=127896"}],"curies":[{"name":"wp","href":"https:\/\/api.w.org\/{rel}","templated":true}]}}