{"id":127900,"date":"2019-10-18T15:28:22","date_gmt":"2019-10-18T18:28:22","guid":{"rendered":"http:\/\/www.caririemacao.com\/1\/?p=127900"},"modified":"2019-10-18T15:28:22","modified_gmt":"2019-10-18T18:28:22","slug":"apos-fechar-comarcas-justica-paraibana-adquire-650-celulares-por-mais-de-r-3-milhoes","status":"publish","type":"post","link":"https:\/\/www.caririemacao.com\/1\/2019\/10\/18\/apos-fechar-comarcas-justica-paraibana-adquire-650-celulares-por-mais-de-r-3-milhoes\/","title":{"rendered":"Ap\u00f3s fechar comarcas, justi\u00e7a paraibana adquire 650 celulares por mais de R$ 3 milh\u00f5es"},"content":{"rendered":"\n<p>Ap\u00f3s tomarem a decis\u00e3o de fechar 15 comarcas no interior do estado, alegando proporcionar economia ao Poder Judici\u00e1rio, o Tribunal de Justi\u00e7a da Para\u00edba (TJPB) anuncia a contrata\u00e7\u00e3o de empresa especializada para o fornecimento de servi\u00e7o para 650 aparelhos celulares no valor total de R$ 3.310,070,00 (R$ 130.070,00 mensais, por 24 meses).<\/p>\n\n\n\n<p>A homologa\u00e7\u00e3o do preg\u00e3o eletr\u00f4nico que contrata a empresa Claro, para prestar o servi\u00e7o telef\u00f4nico m\u00f3vel pessoal aos desembargadores e ju\u00edzes, est\u00e1 publicada \u00e0 p\u00e1gina 7 da edi\u00e7\u00e3o do Di\u00e1rio da Justi\u00e7a dessa quinta-feira (17). Para conferir o Processo Administrativo 2019174120, autorizado e assinado a 14 de outubro de 2019 pelo presidente do TJPB, desembargador M\u00e1rcio Murilo da Cunha Ramos, clique&nbsp;<a href=\"https:\/\/app.tjpb.jus.br\/dje\/rest\/ultimosdiarios\/diario\/17_10_2019.pdf\" target=\"_blank\" rel=\"noreferrer noopener\"><strong>aqui<\/strong><\/a>.<\/p>\n\n\n\n<p>\u201cAs comarcas n\u00e3o s\u00e3o para extinguir, mas sim para termos uma agrega\u00e7\u00e3o provis\u00f3ria, em muitos casos, para que essas comarcas onde hoje n\u00e3o h\u00e1 ju\u00edzes nem condi\u00e7\u00f5es financeiras de nomear, sejam agregadas. E com essa economia gerada o jurisdicionado realmente possa encontrar um juiz e tenha o seu processo julgado\u201d, havia argumentado o desembargador M\u00e1rcio Murilo.<\/p>\n\n\n\n<p>Por maioria qualificada de votos (14 a 2), o Pleno do Tribunal de Justi\u00e7a da Para\u00edba aprovou, na \u00faltima essa quarta-feira (16), os projetos de resolu\u00e7\u00f5es propostos pelo presidente M\u00e1rcio Murilo, que preveem a desinstala\u00e7\u00e3o provis\u00f3ria de 15 comarcas do estado \u2013 que n\u00e3o preenchem os requisitos de funcionamento nos termos da Lei de Organiza\u00e7\u00e3o e Divis\u00e3o Judici\u00e1rias (Loje) da Para\u00edba \u2013 e agrega\u00e7\u00e3o delas a comarcas vizinhas, com dist\u00e2ncia m\u00e9dia de 24,91 quil\u00f4metros.<\/p>\n\n\n\n<p>O objetivo da medida, segundo a Justi\u00e7a paraibana, \u00e9 estruturar melhor as unidades ampliadas, gerando uma economia que ser\u00e1 revertida em tecnologia e for\u00e7a de trabalho, com o objetivo de aumentar a produtividade e garantir efici\u00eancia e celeridade, conforme exaltou M\u00e1rcio Murilo.<\/p>\n\n\n\n<p>Ao defender o projeto, o presidente enfatizou que n\u00e3o se trata de extin\u00e7\u00e3o, visto que a medida a qualquer momento poder\u00e1 se revista. Seguiu, apresentando dados estaduais e nacionais, estabelecendo comparativos e apresentando os ganhos alcan\u00e7ados nos estados em que a agrega\u00e7\u00e3o foi feita.<\/p>\n\n\n\n<p>Falou, ainda, do Tribunal de Justi\u00e7a de Sergipe, que, em rela\u00e7\u00e3o \u00e0 Para\u00edba, possui menos ju\u00edzes e f\u00f3runs, mais processos, por\u00e9m uma maior produtividade. Na ocasi\u00e3o, exp\u00f4s circunst\u00e2ncias desfavor\u00e1veis do Judici\u00e1rio estadual que, a seu ver, devem ser enfrentadas: excesso de comarcas, m\u00e1 distribui\u00e7\u00e3o de for\u00e7a de trabalho e falta de incentivo \u00e0 produ\u00e7\u00e3o.<\/p>\n\n\n\n<p>Tamb\u00e9m foi aprovada a desinstala\u00e7\u00e3o da 2\u00aa Vara Mista da Comarca de Concei\u00e7\u00e3o, da 3\u00aa Vara Mista da Comarca de Monteiro, e da 2\u00aa e 3\u00aa Varas Mistas da Comarca de Princesa Isabel, que ser\u00e3o agregadas dentro das pr\u00f3prias unidades.<\/p>\n\n\n\n<p><em>Com Di\u00e1rio da Para\u00edba<\/em><\/p>\n","protected":false},"excerpt":{"rendered":"<p>Ap\u00f3s tomarem a decis\u00e3o de fechar 15 comarcas no interior do estado, alegando proporcionar economia ao Poder Judici\u00e1rio, o Tribunal de Justi\u00e7a da Para\u00edba (TJPB)&hellip; <\/p>\n","protected":false},"author":1,"featured_media":8499,"comment_status":"closed","ping_status":"closed","sticky":false,"template":"","format":"standard","meta":{"sfsi_plus_gutenberg_text_before_share":"","sfsi_plus_gutenberg_show_text_before_share":"","sfsi_plus_gutenberg_icon_type":"","sfsi_plus_gutenberg_icon_alignemt":"","sfsi_plus_gutenburg_max_per_row":"","footnotes":""},"categories":[2],"tags":[],"class_list":["post-127900","post","type-post","status-publish","format-standard","has-post-thumbnail","hentry","category-geral"],"_links":{"self":[{"href":"https:\/\/www.caririemacao.com\/1\/wp-json\/wp\/v2\/posts\/127900","targetHints":{"allow":["GET"]}}],"collection":[{"href":"https:\/\/www.caririemacao.com\/1\/wp-json\/wp\/v2\/posts"}],"about":[{"href":"https:\/\/www.caririemacao.com\/1\/wp-json\/wp\/v2\/types\/post"}],"author":[{"embeddable":true,"href":"https:\/\/www.caririemacao.com\/1\/wp-json\/wp\/v2\/users\/1"}],"replies":[{"embeddable":true,"href":"https:\/\/www.caririemacao.com\/1\/wp-json\/wp\/v2\/comments?post=127900"}],"version-history":[{"count":1,"href":"https:\/\/www.caririemacao.com\/1\/wp-json\/wp\/v2\/posts\/127900\/revisions"}],"predecessor-version":[{"id":127901,"href":"https:\/\/www.caririemacao.com\/1\/wp-json\/wp\/v2\/posts\/127900\/revisions\/127901"}],"wp:featuredmedia":[{"embeddable":true,"href":"https:\/\/www.caririemacao.com\/1\/wp-json\/wp\/v2\/media\/8499"}],"wp:attachment":[{"href":"https:\/\/www.caririemacao.com\/1\/wp-json\/wp\/v2\/media?parent=127900"}],"wp:term":[{"taxonomy":"category","embeddable":true,"href":"https:\/\/www.caririemacao.com\/1\/wp-json\/wp\/v2\/categories?post=127900"},{"taxonomy":"post_tag","embeddable":true,"href":"https:\/\/www.caririemacao.com\/1\/wp-json\/wp\/v2\/tags?post=127900"}],"curies":[{"name":"wp","href":"https:\/\/api.w.org\/{rel}","templated":true}]}}