{"id":127902,"date":"2019-10-18T15:29:16","date_gmt":"2019-10-18T18:29:16","guid":{"rendered":"http:\/\/www.caririemacao.com\/1\/?p=127902"},"modified":"2019-10-18T15:29:16","modified_gmt":"2019-10-18T18:29:16","slug":"governo-do-estado-e-prefeitura-de-sao-jose-dos-cordeiros-promoverao-dia-d-de-vacinacao-contra-o-sarampo-neste-sabado","status":"publish","type":"post","link":"https:\/\/www.caririemacao.com\/1\/2019\/10\/18\/governo-do-estado-e-prefeitura-de-sao-jose-dos-cordeiros-promoverao-dia-d-de-vacinacao-contra-o-sarampo-neste-sabado\/","title":{"rendered":"Governo do Estado e Prefeitura de S\u00e3o Jos\u00e9 dos Cordeiros promover\u00e3o Dia D de Vacina\u00e7\u00e3o contra o sarampo neste s\u00e1bado"},"content":{"rendered":"\n<p>Crian\u00e7as de 6 meses a menores de 5 anos tem a oportunidade de buscar neste s\u00e1bado (19) a vacina\u00e7\u00e3o contra o sarampo em S\u00e3o Jos\u00e9 dos Cordeiros. A Secretaria de Sa\u00fade do Estado escolheu S\u00e3o Jos\u00e9 dos Cordeiros como sede do \u201cDia D\u201d de vacina\u00e7\u00e3o contra a doen\u00e7a e os pais devem ficar atentos para imunizar seus filhos.<\/p>\n\n\n\n<p>A campanha ser\u00e1 realizada na Unidade Mista de Sa\u00fade Maria Helena de Brito, a partir das 8hrs da manh\u00e3. Segundo a secret\u00e1ria de sa\u00fade, Petruska Bezerra, \u00e9 importante que os pais estejam atentos a caderneta de vacina\u00e7\u00e3o de seus filhos para garantir essa preven\u00e7\u00e3o importante para suas crian\u00e7as.<\/p>\n\n\n\n<p>Haver\u00e1 ainda distribui\u00e7\u00e3o de brindes para os menores que forem vacinados.<\/p>\n","protected":false},"excerpt":{"rendered":"<p>Crian\u00e7as de 6 meses a menores de 5 anos tem a oportunidade de buscar neste s\u00e1bado (19) a vacina\u00e7\u00e3o contra o sarampo em S\u00e3o Jos\u00e9&hellip; <\/p>\n","protected":false},"author":1,"featured_media":127903,"comment_status":"closed","ping_status":"closed","sticky":false,"template":"","format":"standard","meta":{"sfsi_plus_gutenberg_text_before_share":"","sfsi_plus_gutenberg_show_text_before_share":"","sfsi_plus_gutenberg_icon_type":"","sfsi_plus_gutenberg_icon_alignemt":"","sfsi_plus_gutenburg_max_per_row":"","footnotes":""},"categories":[2],"tags":[],"class_list":["post-127902","post","type-post","status-publish","format-standard","has-post-thumbnail","hentry","category-geral"],"_links":{"self":[{"href":"https:\/\/www.caririemacao.com\/1\/wp-json\/wp\/v2\/posts\/127902","targetHints":{"allow":["GET"]}}],"collection":[{"href":"https:\/\/www.caririemacao.com\/1\/wp-json\/wp\/v2\/posts"}],"about":[{"href":"https:\/\/www.caririemacao.com\/1\/wp-json\/wp\/v2\/types\/post"}],"author":[{"embeddable":true,"href":"https:\/\/www.caririemacao.com\/1\/wp-json\/wp\/v2\/users\/1"}],"replies":[{"embeddable":true,"href":"https:\/\/www.caririemacao.com\/1\/wp-json\/wp\/v2\/comments?post=127902"}],"version-history":[{"count":1,"href":"https:\/\/www.caririemacao.com\/1\/wp-json\/wp\/v2\/posts\/127902\/revisions"}],"predecessor-version":[{"id":127904,"href":"https:\/\/www.caririemacao.com\/1\/wp-json\/wp\/v2\/posts\/127902\/revisions\/127904"}],"wp:featuredmedia":[{"embeddable":true,"href":"https:\/\/www.caririemacao.com\/1\/wp-json\/wp\/v2\/media\/127903"}],"wp:attachment":[{"href":"https:\/\/www.caririemacao.com\/1\/wp-json\/wp\/v2\/media?parent=127902"}],"wp:term":[{"taxonomy":"category","embeddable":true,"href":"https:\/\/www.caririemacao.com\/1\/wp-json\/wp\/v2\/categories?post=127902"},{"taxonomy":"post_tag","embeddable":true,"href":"https:\/\/www.caririemacao.com\/1\/wp-json\/wp\/v2\/tags?post=127902"}],"curies":[{"name":"wp","href":"https:\/\/api.w.org\/{rel}","templated":true}]}}