{"id":127905,"date":"2019-10-18T15:33:08","date_gmt":"2019-10-18T18:33:08","guid":{"rendered":"http:\/\/www.caririemacao.com\/1\/?p=127905"},"modified":"2019-10-18T15:33:08","modified_gmt":"2019-10-18T18:33:08","slug":"prefeitura-de-amparo-iniciou-inscricoes-para-o-seguro-safra-2019-2020","status":"publish","type":"post","link":"https:\/\/www.caririemacao.com\/1\/2019\/10\/18\/prefeitura-de-amparo-iniciou-inscricoes-para-o-seguro-safra-2019-2020\/","title":{"rendered":"Prefeitura de Amparo iniciou Inscri\u00e7\u00f5es para o Seguro Safra 2019\/2020"},"content":{"rendered":"\n<p> A secretaria de agricultura e abastecimento em parceria com a EMPAER, deram in\u00edcio desde segunda-feira (14), as inscri\u00e7\u00f5es referentes ao Programa Garantia Safra 2019\/2020.<br>O cronograma teve in\u00edcio pela localidade da Mata se encerrando nesta quarta-feira (16).<br><\/p>\n\n\n\n<p>Wanderley Paulo <\/p>\n","protected":false},"excerpt":{"rendered":"<p>A secretaria de agricultura e abastecimento em parceria com a EMPAER, deram in\u00edcio desde segunda-feira (14), as inscri\u00e7\u00f5es referentes ao Programa Garantia Safra 2019\/2020.O cronograma&hellip; <\/p>\n","protected":false},"author":1,"featured_media":127906,"comment_status":"closed","ping_status":"closed","sticky":false,"template":"","format":"standard","meta":{"sfsi_plus_gutenberg_text_before_share":"","sfsi_plus_gutenberg_show_text_before_share":"","sfsi_plus_gutenberg_icon_type":"","sfsi_plus_gutenberg_icon_alignemt":"","sfsi_plus_gutenburg_max_per_row":"","footnotes":""},"categories":[6],"tags":[],"class_list":["post-127905","post","type-post","status-publish","format-standard","has-post-thumbnail","hentry","category-cidades"],"_links":{"self":[{"href":"https:\/\/www.caririemacao.com\/1\/wp-json\/wp\/v2\/posts\/127905","targetHints":{"allow":["GET"]}}],"collection":[{"href":"https:\/\/www.caririemacao.com\/1\/wp-json\/wp\/v2\/posts"}],"about":[{"href":"https:\/\/www.caririemacao.com\/1\/wp-json\/wp\/v2\/types\/post"}],"author":[{"embeddable":true,"href":"https:\/\/www.caririemacao.com\/1\/wp-json\/wp\/v2\/users\/1"}],"replies":[{"embeddable":true,"href":"https:\/\/www.caririemacao.com\/1\/wp-json\/wp\/v2\/comments?post=127905"}],"version-history":[{"count":1,"href":"https:\/\/www.caririemacao.com\/1\/wp-json\/wp\/v2\/posts\/127905\/revisions"}],"predecessor-version":[{"id":127907,"href":"https:\/\/www.caririemacao.com\/1\/wp-json\/wp\/v2\/posts\/127905\/revisions\/127907"}],"wp:featuredmedia":[{"embeddable":true,"href":"https:\/\/www.caririemacao.com\/1\/wp-json\/wp\/v2\/media\/127906"}],"wp:attachment":[{"href":"https:\/\/www.caririemacao.com\/1\/wp-json\/wp\/v2\/media?parent=127905"}],"wp:term":[{"taxonomy":"category","embeddable":true,"href":"https:\/\/www.caririemacao.com\/1\/wp-json\/wp\/v2\/categories?post=127905"},{"taxonomy":"post_tag","embeddable":true,"href":"https:\/\/www.caririemacao.com\/1\/wp-json\/wp\/v2\/tags?post=127905"}],"curies":[{"name":"wp","href":"https:\/\/api.w.org\/{rel}","templated":true}]}}