{"id":127915,"date":"2019-10-18T16:57:19","date_gmt":"2019-10-18T19:57:19","guid":{"rendered":"http:\/\/www.caririemacao.com\/1\/?p=127915"},"modified":"2019-10-18T21:28:22","modified_gmt":"2019-10-19T00:28:22","slug":"homem-e-atropelado-em-monteiro","status":"publish","type":"post","link":"https:\/\/www.caririemacao.com\/1\/2019\/10\/18\/homem-e-atropelado-em-monteiro\/","title":{"rendered":"Homem \u00e9 atropelado em Monteiro"},"content":{"rendered":"\n<p>O jovem morador da Vila do A\u00e7ude, na cidade de Monteiro, Leandro Ara\u00fajo, 23 anos foi atropelado por dois homens que estavam em uma moto. O acidente ocorreu por volta das 16h20, na rua principal que liga o centro da cidade ao bairro do S\u00e3o Vicente.<\/p>\n\n\n\n<p>Leandro estava em uma bicicleta e\nchegava do trabalho, voltando para sua resid\u00eancia quando sofreu o acidente e\nteve v\u00e1rias escoria\u00e7\u00f5es e provavelmente quebrou uma perna.<\/p>\n\n\n\n<p>Ele foi socorrido pela equipe do SAMU\ne encaminhado para o Hospital Santa Filomena. J\u00e1 os homens fugiram do local.<\/p>\n","protected":false},"excerpt":{"rendered":"<p>O jovem morador da Vila do A\u00e7ude, na cidade de Monteiro, Leandro Ara\u00fajo, 23 anos foi atropelado por dois homens que estavam em uma moto.&hellip; <\/p>\n","protected":false},"author":1,"featured_media":127918,"comment_status":"closed","ping_status":"closed","sticky":false,"template":"","format":"standard","meta":{"sfsi_plus_gutenberg_text_before_share":"","sfsi_plus_gutenberg_show_text_before_share":"","sfsi_plus_gutenberg_icon_type":"","sfsi_plus_gutenberg_icon_alignemt":"","sfsi_plus_gutenburg_max_per_row":"","footnotes":""},"categories":[50,12],"tags":[],"class_list":["post-127915","post","type-post","status-publish","format-standard","has-post-thumbnail","hentry","category-destaque","category-policia"],"_links":{"self":[{"href":"https:\/\/www.caririemacao.com\/1\/wp-json\/wp\/v2\/posts\/127915","targetHints":{"allow":["GET"]}}],"collection":[{"href":"https:\/\/www.caririemacao.com\/1\/wp-json\/wp\/v2\/posts"}],"about":[{"href":"https:\/\/www.caririemacao.com\/1\/wp-json\/wp\/v2\/types\/post"}],"author":[{"embeddable":true,"href":"https:\/\/www.caririemacao.com\/1\/wp-json\/wp\/v2\/users\/1"}],"replies":[{"embeddable":true,"href":"https:\/\/www.caririemacao.com\/1\/wp-json\/wp\/v2\/comments?post=127915"}],"version-history":[{"count":3,"href":"https:\/\/www.caririemacao.com\/1\/wp-json\/wp\/v2\/posts\/127915\/revisions"}],"predecessor-version":[{"id":127922,"href":"https:\/\/www.caririemacao.com\/1\/wp-json\/wp\/v2\/posts\/127915\/revisions\/127922"}],"wp:featuredmedia":[{"embeddable":true,"href":"https:\/\/www.caririemacao.com\/1\/wp-json\/wp\/v2\/media\/127918"}],"wp:attachment":[{"href":"https:\/\/www.caririemacao.com\/1\/wp-json\/wp\/v2\/media?parent=127915"}],"wp:term":[{"taxonomy":"category","embeddable":true,"href":"https:\/\/www.caririemacao.com\/1\/wp-json\/wp\/v2\/categories?post=127915"},{"taxonomy":"post_tag","embeddable":true,"href":"https:\/\/www.caririemacao.com\/1\/wp-json\/wp\/v2\/tags?post=127915"}],"curies":[{"name":"wp","href":"https:\/\/api.w.org\/{rel}","templated":true}]}}