{"id":127923,"date":"2019-10-19T06:05:03","date_gmt":"2019-10-19T09:05:03","guid":{"rendered":"http:\/\/www.caririemacao.com\/1\/?p=127923"},"modified":"2019-10-19T06:05:03","modified_gmt":"2019-10-19T09:05:03","slug":"eduardo-bolsonaro-ataca-julian-lemos-e-posta-montagem-do-paraibano-sentado-em-privada","status":"publish","type":"post","link":"https:\/\/www.caririemacao.com\/1\/2019\/10\/19\/eduardo-bolsonaro-ataca-julian-lemos-e-posta-montagem-do-paraibano-sentado-em-privada\/","title":{"rendered":"Eduardo Bolsonaro ataca Julian Lemos e posta montagem do paraibano sentado em privada"},"content":{"rendered":"\n<p>O deputado federal Eduardo Bolsonaro (PSL-RJ) fez uma postagem no Instagram fazendo chacota do presidente do PSL na Para\u00edba, deputado federal Julian Lemos.<\/p>\n\n\n\n<p>A imagem faz refer\u00eancia a um \u00e1udio vazado em que Julian Lemos diz que &#8220;cagou e saiu&#8221; para evitar contato com o presidente Jair Bolsonaro.<\/p>\n\n\n\n<figure><iframe data-src=\"https:\/\/www.instagram.com\/p\/B3xpsh8laDY\/embed\/captioned\/?cr=1&amp;v=12&amp;wp=540&amp;rd=https%3A%2F%2Fwww.clickpb.com.br&amp;rp=%2Fadmin%2Fportal%2Fportalarticle%2Fadd%2F#%7B%22ci%22%3A0%2C%22os%22%3A52456.12500002608%2C%22ls%22%3A52403.76000001561%2C%22le%22%3A52441.67500000913%7D\" allowfullscreen=\"true\" height=\"467\" src=\"data:image\/svg+xml;base64,PHN2ZyB3aWR0aD0iMSIgaGVpZ2h0PSIxIiB4bWxucz0iaHR0cDovL3d3dy53My5vcmcvMjAwMC9zdmciPjwvc3ZnPg==\" class=\"lazyload\" data-load-mode=\"1\"><\/iframe><\/figure>\n\n\n\n<p>\u201cBolsonaro disse [a General Ramos, ministro-chefe da Secretaria de Governo], chame ele [Julian Lemos] aqui. Eles j\u00e1 tinham conseguido os votos do outro lado e queriam que eu conseguisse os votos daqui. Eu: \u2018n\u00e3o posso fazer isso\u2019, se eu n\u00e3o conversar com voc\u00eas, nem com Waldir. N\u00e3o fa\u00e7o isso. Jair me pedindo uma coisa \u00e9 foda. Eu simplesmente, pedi pra cagar e sa\u00ed. N\u00e3o vou fazer isso, n\u00e3o vou\u201d, declarou Julian, na ocasi\u00e3o.<\/p>\n\n\n\n<p>Em entrevista ao ClickPB nesta sexta-feira (18), Julian adotou um tom conciliador e afirmou que esperava uma reconcilia\u00e7\u00e3o entre Bolsonaro e Bivar, presidente nacional da sigla.<\/p>\n","protected":false},"excerpt":{"rendered":"<p>O deputado federal Eduardo Bolsonaro (PSL-RJ) fez uma postagem no Instagram fazendo chacota do presidente do PSL na Para\u00edba, deputado federal Julian Lemos. A imagem&hellip; <\/p>\n","protected":false},"author":1,"featured_media":127925,"comment_status":"closed","ping_status":"closed","sticky":false,"template":"","format":"standard","meta":{"sfsi_plus_gutenberg_text_before_share":"","sfsi_plus_gutenberg_show_text_before_share":"","sfsi_plus_gutenberg_icon_type":"","sfsi_plus_gutenberg_icon_alignemt":"","sfsi_plus_gutenburg_max_per_row":"","footnotes":""},"categories":[2],"tags":[],"class_list":["post-127923","post","type-post","status-publish","format-standard","has-post-thumbnail","hentry","category-geral"],"_links":{"self":[{"href":"https:\/\/www.caririemacao.com\/1\/wp-json\/wp\/v2\/posts\/127923","targetHints":{"allow":["GET"]}}],"collection":[{"href":"https:\/\/www.caririemacao.com\/1\/wp-json\/wp\/v2\/posts"}],"about":[{"href":"https:\/\/www.caririemacao.com\/1\/wp-json\/wp\/v2\/types\/post"}],"author":[{"embeddable":true,"href":"https:\/\/www.caririemacao.com\/1\/wp-json\/wp\/v2\/users\/1"}],"replies":[{"embeddable":true,"href":"https:\/\/www.caririemacao.com\/1\/wp-json\/wp\/v2\/comments?post=127923"}],"version-history":[{"count":1,"href":"https:\/\/www.caririemacao.com\/1\/wp-json\/wp\/v2\/posts\/127923\/revisions"}],"predecessor-version":[{"id":127926,"href":"https:\/\/www.caririemacao.com\/1\/wp-json\/wp\/v2\/posts\/127923\/revisions\/127926"}],"wp:featuredmedia":[{"embeddable":true,"href":"https:\/\/www.caririemacao.com\/1\/wp-json\/wp\/v2\/media\/127925"}],"wp:attachment":[{"href":"https:\/\/www.caririemacao.com\/1\/wp-json\/wp\/v2\/media?parent=127923"}],"wp:term":[{"taxonomy":"category","embeddable":true,"href":"https:\/\/www.caririemacao.com\/1\/wp-json\/wp\/v2\/categories?post=127923"},{"taxonomy":"post_tag","embeddable":true,"href":"https:\/\/www.caririemacao.com\/1\/wp-json\/wp\/v2\/tags?post=127923"}],"curies":[{"name":"wp","href":"https:\/\/api.w.org\/{rel}","templated":true}]}}