{"id":127931,"date":"2019-10-19T06:06:52","date_gmt":"2019-10-19T09:06:52","guid":{"rendered":"http:\/\/www.caririemacao.com\/1\/?p=127931"},"modified":"2019-10-19T06:06:52","modified_gmt":"2019-10-19T09:06:52","slug":"apos-ser-chamado-de-vagabundo-bolsonaro-aciona-agu-para-processar-delegado-waldir","status":"publish","type":"post","link":"https:\/\/www.caririemacao.com\/1\/2019\/10\/19\/apos-ser-chamado-de-vagabundo-bolsonaro-aciona-agu-para-processar-delegado-waldir\/","title":{"rendered":"Ap\u00f3s ser chamado de \u201cvagabundo\u201d, Bolsonaro aciona AGU para processar Delegado Waldir"},"content":{"rendered":"\n<p>A \u201cguerra\u201d continua. Jair Bolsonaro acionou a Advocacia-Geral da Uni\u00e3o (AGU), nesta sexta-feira (18), com o objetivo de processar o Delegado Waldir (PSL-GO), l\u00edder do partido na C\u00e2mara, por amea\u00e7a.<\/p>\n\n\n\n<p>De acordo com informa\u00e7\u00f5es da Folha de S.Paulo, a equipe do ministro Andr\u00e9 Mendon\u00e7a j\u00e1 pensa quais medidas criminais s\u00e3o cab\u00edveis contra o deputado, que chamou o presidente de \u201cvagabundo\u201d e afirmou que iria \u201cimplodir\u201d o governo.<\/p>\n\n\n\n<p>Waldir voltou ao ataque nesta sexta. Disse que o Pal\u00e1cio do Planalto e ministros de Bolsonaro est\u00e3o atuando junto a deputados para derrub\u00e1-lo da lideran\u00e7a do PSL na C\u00e2mara. Ele declarou, ainda, ter sido \u201ctra\u00eddo\u201d pelo presidente.<\/p>\n\n\n\n<p>O deputado fez as afirma\u00e7\u00f5es ao chegar para uma reuni\u00e3o da executiva do PSL, um dia ap\u00f3s ter sido divulgado um \u00e1udio \u201cexplosivo\u201d, no qual o parlamentar diz que vai \u201cimplodir\u201d o governo Bolsonaro e o chamou de \u201cvagabundo\u201d.<\/p>\n","protected":false},"excerpt":{"rendered":"<p>A \u201cguerra\u201d continua. Jair Bolsonaro acionou a Advocacia-Geral da Uni\u00e3o (AGU), nesta sexta-feira (18), com o objetivo de processar o Delegado Waldir (PSL-GO), l\u00edder do&hellip; <\/p>\n","protected":false},"author":1,"featured_media":127932,"comment_status":"closed","ping_status":"closed","sticky":false,"template":"","format":"standard","meta":{"sfsi_plus_gutenberg_text_before_share":"","sfsi_plus_gutenberg_show_text_before_share":"","sfsi_plus_gutenberg_icon_type":"","sfsi_plus_gutenberg_icon_alignemt":"","sfsi_plus_gutenburg_max_per_row":"","footnotes":""},"categories":[11],"tags":[],"class_list":["post-127931","post","type-post","status-publish","format-standard","has-post-thumbnail","hentry","category-politica"],"_links":{"self":[{"href":"https:\/\/www.caririemacao.com\/1\/wp-json\/wp\/v2\/posts\/127931","targetHints":{"allow":["GET"]}}],"collection":[{"href":"https:\/\/www.caririemacao.com\/1\/wp-json\/wp\/v2\/posts"}],"about":[{"href":"https:\/\/www.caririemacao.com\/1\/wp-json\/wp\/v2\/types\/post"}],"author":[{"embeddable":true,"href":"https:\/\/www.caririemacao.com\/1\/wp-json\/wp\/v2\/users\/1"}],"replies":[{"embeddable":true,"href":"https:\/\/www.caririemacao.com\/1\/wp-json\/wp\/v2\/comments?post=127931"}],"version-history":[{"count":1,"href":"https:\/\/www.caririemacao.com\/1\/wp-json\/wp\/v2\/posts\/127931\/revisions"}],"predecessor-version":[{"id":127933,"href":"https:\/\/www.caririemacao.com\/1\/wp-json\/wp\/v2\/posts\/127931\/revisions\/127933"}],"wp:featuredmedia":[{"embeddable":true,"href":"https:\/\/www.caririemacao.com\/1\/wp-json\/wp\/v2\/media\/127932"}],"wp:attachment":[{"href":"https:\/\/www.caririemacao.com\/1\/wp-json\/wp\/v2\/media?parent=127931"}],"wp:term":[{"taxonomy":"category","embeddable":true,"href":"https:\/\/www.caririemacao.com\/1\/wp-json\/wp\/v2\/categories?post=127931"},{"taxonomy":"post_tag","embeddable":true,"href":"https:\/\/www.caririemacao.com\/1\/wp-json\/wp\/v2\/tags?post=127931"}],"curies":[{"name":"wp","href":"https:\/\/api.w.org\/{rel}","templated":true}]}}