{"id":127943,"date":"2019-10-19T06:10:15","date_gmt":"2019-10-19T09:10:15","guid":{"rendered":"http:\/\/www.caririemacao.com\/1\/?p=127943"},"modified":"2019-10-19T06:10:15","modified_gmt":"2019-10-19T09:10:15","slug":"bolsonaro-questiona-se-oleo-no-nordeste-foi-crime-para-prejudicar-leilao-da-cessao-onerosa","status":"publish","type":"post","link":"https:\/\/www.caririemacao.com\/1\/2019\/10\/19\/bolsonaro-questiona-se-oleo-no-nordeste-foi-crime-para-prejudicar-leilao-da-cessao-onerosa\/","title":{"rendered":"Bolsonaro questiona se \u00f3leo no Nordeste foi crime para prejudicar leil\u00e3o da cess\u00e3o onerosa"},"content":{"rendered":"\n<p>O presidente Jair Bolsonaro questionou nesta sexta-feira (18) se o \u00f3leo que atingiu praias na regi\u00e3o Nordeste foi despejado por uma \u201ca\u00e7\u00e3o criminosa para prejudicar\u201d o megaleil\u00e3o de petr\u00f3leo da cess\u00e3o onerosa, previsto para novembro.<\/p>\n\n\n\n<p>Bolsonaro fez a indaga\u00e7\u00e3o durante transmiss\u00e3o pelas redes sociais, na qual o ministro da Defesa, Fernando Azevedo, e militares da Marinha apresentaram a situa\u00e7\u00e3o do avan\u00e7o do \u00f3leo sobre as praias nordestinas.<\/p>\n\n\n\n<p>Desde o fim de agosto e in\u00edcio de setembro, diversas manchas de \u00f3leo apareceram no litoral. De acordo com o Instituto Brasileiro do Meio Ambiente (Ibama), h\u00e1 registro de 187 localidades nos nove estados do Nordeste com manchas.<\/p>\n\n\n\n<p>Sem apresentar ind\u00edcios de que o \u00f3leo foi lan\u00e7ado ao mar de forma intencional, Bolsonaro disse ao ministro e aos militares da Marinha que \u201cest\u00e1 no ar\u201d a quest\u00e3o sobre uma eventual a\u00e7\u00e3o para afetar o leil\u00e3o da cess\u00e3o onerosa.<\/p>\n\n\n\n<p>&#8220;Coincid\u00eancia ou n\u00e3o, n\u00f3s temos um leil\u00e3o da cess\u00e3o onerosa. Eu me pergunto, a gente tem que ter muita responsabilidade no que fala. Poderia, n\u00e3o precisam responder os senhores, n\u00e3o, ser uma a\u00e7\u00e3o criminosa para prejudicar esse leil\u00e3o? \u00c9 uma pergunta que est\u00e1 no ar\u201d, disse Bolsonaro.<\/p>\n\n\n\n<p>O leil\u00e3o marcado para 6 de novembro trata do petr\u00f3leo excedente de uma \u00e1rea de pr\u00e9-sal da Bacia de Campos, inicialmente explorada pela Petrobras. O governo prev\u00ea arrecadar R$ 106,5 bilh\u00f5es com o volume extra.<\/p>\n\n\n\n<p>O presidente ressaltou que o governo faz sua parte para conter o desastre ambiental e para tentar identificar os respons\u00e1veis, e pediu para que as pessoas enviem informa\u00e7\u00f5es \u00e0s autoridades.<\/p>\n\n\n\n<p>&#8220;N\u00f3s somos cientes da nossa responsabilidade. For\u00e7ar Armadas e demais \u00f3rg\u00e3os do governo est\u00e3o fazendo a sua parte. A gente pede aqui: quem tiver alguma informa\u00e7\u00e3o, que tenha alguma materialidade, entre em contato conosco. Se bem que \u00e9 dif\u00edcil, porque parece que o derramamento foi em alto-mar&#8221;, afirmou.<\/p>\n\n\n\n<p><strong>A\u00e7\u00f5es do governo contra o desastre<\/strong><\/p>\n\n\n\n<p>A resposta do governo ao desastre ambiental est\u00e1 sendo coordenada pelo Grupo de Acompanhamento e Avalia\u00e7\u00e3o (GAA) composto pela Marinha do Brasil, pelo Ibama e pela Ag\u00eancia Nacional do Petr\u00f3leo (ANP). A investiga\u00e7\u00e3o da origem das manchas de \u00f3leo \u00e9 conduzida pela Marinha, j\u00e1 a criminal \u00e9 objeto de apura\u00e7\u00e3o da Pol\u00edcia Federal.<\/p>\n\n\n\n<p>O Ibama est\u00e1 respons\u00e1vel pelo balan\u00e7o de localidades e de animais atingidos pelo \u00f3leo e tamb\u00e9m pelo monitoramento de imagens do oceano. O monitoramento do Ibama, que est\u00e1 sendo atualizado diariamente, analisa imagens de sat\u00e9lites brasileiros e tamb\u00e9m de equipamentos da Nasa e da Ag\u00eancia Especial Europeia (ESA, na sigla em ingl\u00eas) feitas desde o dia 1\u00ba de agosto. A an\u00e1lise n\u00e3o mostra ind\u00edcios da subst\u00e2ncia na superf\u00edcie marinha.<\/p>\n\n\n\n<p>O Ibama acionou a Petrobras para limpeza das praias. A empresa contratou 1,7 mil agentes ambientais e coletou 200 toneladas de res\u00edduos em cerca de 30 dias. O ministro do Meio Ambiente diz que a contamina\u00e7\u00e3o \u00e9 sem precedente e que atua no monitoramento e nas opera\u00e7\u00f5es de limpeza.<\/p>\n","protected":false},"excerpt":{"rendered":"<p>O presidente Jair Bolsonaro questionou nesta sexta-feira (18) se o \u00f3leo que atingiu praias na regi\u00e3o Nordeste foi despejado por uma \u201ca\u00e7\u00e3o criminosa para prejudicar\u201d&hellip; <\/p>\n","protected":false},"author":1,"featured_media":124188,"comment_status":"closed","ping_status":"closed","sticky":false,"template":"","format":"standard","meta":{"sfsi_plus_gutenberg_text_before_share":"","sfsi_plus_gutenberg_show_text_before_share":"","sfsi_plus_gutenberg_icon_type":"","sfsi_plus_gutenberg_icon_alignemt":"","sfsi_plus_gutenburg_max_per_row":"","footnotes":""},"categories":[11],"tags":[],"class_list":["post-127943","post","type-post","status-publish","format-standard","has-post-thumbnail","hentry","category-politica"],"_links":{"self":[{"href":"https:\/\/www.caririemacao.com\/1\/wp-json\/wp\/v2\/posts\/127943","targetHints":{"allow":["GET"]}}],"collection":[{"href":"https:\/\/www.caririemacao.com\/1\/wp-json\/wp\/v2\/posts"}],"about":[{"href":"https:\/\/www.caririemacao.com\/1\/wp-json\/wp\/v2\/types\/post"}],"author":[{"embeddable":true,"href":"https:\/\/www.caririemacao.com\/1\/wp-json\/wp\/v2\/users\/1"}],"replies":[{"embeddable":true,"href":"https:\/\/www.caririemacao.com\/1\/wp-json\/wp\/v2\/comments?post=127943"}],"version-history":[{"count":1,"href":"https:\/\/www.caririemacao.com\/1\/wp-json\/wp\/v2\/posts\/127943\/revisions"}],"predecessor-version":[{"id":127944,"href":"https:\/\/www.caririemacao.com\/1\/wp-json\/wp\/v2\/posts\/127943\/revisions\/127944"}],"wp:featuredmedia":[{"embeddable":true,"href":"https:\/\/www.caririemacao.com\/1\/wp-json\/wp\/v2\/media\/124188"}],"wp:attachment":[{"href":"https:\/\/www.caririemacao.com\/1\/wp-json\/wp\/v2\/media?parent=127943"}],"wp:term":[{"taxonomy":"category","embeddable":true,"href":"https:\/\/www.caririemacao.com\/1\/wp-json\/wp\/v2\/categories?post=127943"},{"taxonomy":"post_tag","embeddable":true,"href":"https:\/\/www.caririemacao.com\/1\/wp-json\/wp\/v2\/tags?post=127943"}],"curies":[{"name":"wp","href":"https:\/\/api.w.org\/{rel}","templated":true}]}}