{"id":127955,"date":"2019-10-19T06:14:52","date_gmt":"2019-10-19T09:14:52","guid":{"rendered":"http:\/\/www.caririemacao.com\/1\/?p=127955"},"modified":"2019-10-19T06:14:52","modified_gmt":"2019-10-19T09:14:52","slug":"enem-e-aceito-em-42-instituicoes-de-ensino-portuguesas","status":"publish","type":"post","link":"https:\/\/www.caririemacao.com\/1\/2019\/10\/19\/enem-e-aceito-em-42-instituicoes-de-ensino-portuguesas\/","title":{"rendered":"Enem \u00e9 aceito em 42 institui\u00e7\u00f5es de ensino portuguesas"},"content":{"rendered":"\n<p>O Instituto de Estudos Superiores de Fafe (IESFafe), de Portugal, passar\u00e1 a usar as notas do Exame Nacional do Ensino M\u00e9dio (Enem) na sele\u00e7\u00e3o de brasileiros para os cursos de gradua\u00e7\u00e3o. Este \u00e9, segundo o Instituto Nacional de Estudos e Pesquisas Educacionais An\u00edsio Teixeira (Inep), o 42\u00ba conv\u00eanio firmado com institui\u00e7\u00f5es portuguesas de ensino superior.<\/p>\n\n\n\n<p>A institui\u00e7\u00e3o \u00e9 voltada principalmente para as \u00e1reas de educa\u00e7\u00e3o, tecnologia, gest\u00e3o de empresa e turismo. Os cursos s\u00e3o pagos, mas \u00e9 poss\u00edvel pleitear bolsas de estudo, de acordo com informa\u00e7\u00f5es na p\u00e1gina da institui\u00e7\u00e3o. Os participantes do Enem 2019, segundo o Inep, j\u00e1 poder\u00e3o se beneficiar do novo acordo.<\/p>\n\n\n\n<p>O Enem Portugal, programa de acordos entre o Inep e as institui\u00e7\u00f5es de educa\u00e7\u00e3o superior portuguesas, foi criado em 2014. Mais de 1,2 mil brasileiros que ingressaram nessas institui\u00e7\u00f5es por meio dos conv\u00eanios do Inep.<\/p>\n\n\n\n<h2 class=\"wp-block-heading\">Sele\u00e7\u00e3o<\/h2>\n\n\n\n<p>Cada institui\u00e7\u00e3o define as regras e os pesos para uso das notas. As institui\u00e7\u00f5es de ensino superior portuguesas signat\u00e1rias de conv\u00eanio s\u00e3o respons\u00e1veis pela comunica\u00e7\u00e3o oficial com os candidatos admitidos em seus cursos.<\/p>\n\n\n\n<p>De acordo com o Inep, os conv\u00eanios interinstitucionais n\u00e3o envolvem transfer\u00eancia de recursos e n\u00e3o preveem financiamento estudantil pelo governo brasileiro. A revalida\u00e7\u00e3o de diplomas e o exerc\u00edcio profissional no Brasil dos estudantes que cursarem o ensino superior em Portugal est\u00e3o sujeitos \u00e0 legisla\u00e7\u00e3o brasileira.<\/p>\n\n\n\n<p>Em nota, o presidente do Inep, Alexandre Lopes, diz que pretende estender os conv\u00eanios tamb\u00e9m para a Espanha: \u201cIniciamos as tratativas com a Embaixada da Espanha para que as institui\u00e7\u00f5es de ensino superior espanholas tamb\u00e9m aceitem o Enem como prova de acesso\u201d.<\/p>\n\n\n\n<p>Na p\u00e1gina do&nbsp;<a href=\"http:\/\/portal.inep.gov.br\/web\/guest\/enem\/enem-portugal\" target=\"_blank\" rel=\"noreferrer noopener\">Enem Portugal<\/a>&nbsp;est\u00e3o dispon\u00edveis mais informa\u00e7\u00f5es sobre o programa.<\/p>\n","protected":false},"excerpt":{"rendered":"<p>O Instituto de Estudos Superiores de Fafe (IESFafe), de Portugal, passar\u00e1 a usar as notas do Exame Nacional do Ensino M\u00e9dio (Enem) na sele\u00e7\u00e3o de&hellip; <\/p>\n","protected":false},"author":1,"featured_media":104792,"comment_status":"closed","ping_status":"closed","sticky":false,"template":"","format":"standard","meta":{"sfsi_plus_gutenberg_text_before_share":"","sfsi_plus_gutenberg_show_text_before_share":"","sfsi_plus_gutenberg_icon_type":"","sfsi_plus_gutenberg_icon_alignemt":"","sfsi_plus_gutenburg_max_per_row":"","footnotes":""},"categories":[14],"tags":[],"class_list":["post-127955","post","type-post","status-publish","format-standard","has-post-thumbnail","hentry","category-educacao"],"_links":{"self":[{"href":"https:\/\/www.caririemacao.com\/1\/wp-json\/wp\/v2\/posts\/127955","targetHints":{"allow":["GET"]}}],"collection":[{"href":"https:\/\/www.caririemacao.com\/1\/wp-json\/wp\/v2\/posts"}],"about":[{"href":"https:\/\/www.caririemacao.com\/1\/wp-json\/wp\/v2\/types\/post"}],"author":[{"embeddable":true,"href":"https:\/\/www.caririemacao.com\/1\/wp-json\/wp\/v2\/users\/1"}],"replies":[{"embeddable":true,"href":"https:\/\/www.caririemacao.com\/1\/wp-json\/wp\/v2\/comments?post=127955"}],"version-history":[{"count":1,"href":"https:\/\/www.caririemacao.com\/1\/wp-json\/wp\/v2\/posts\/127955\/revisions"}],"predecessor-version":[{"id":127956,"href":"https:\/\/www.caririemacao.com\/1\/wp-json\/wp\/v2\/posts\/127955\/revisions\/127956"}],"wp:featuredmedia":[{"embeddable":true,"href":"https:\/\/www.caririemacao.com\/1\/wp-json\/wp\/v2\/media\/104792"}],"wp:attachment":[{"href":"https:\/\/www.caririemacao.com\/1\/wp-json\/wp\/v2\/media?parent=127955"}],"wp:term":[{"taxonomy":"category","embeddable":true,"href":"https:\/\/www.caririemacao.com\/1\/wp-json\/wp\/v2\/categories?post=127955"},{"taxonomy":"post_tag","embeddable":true,"href":"https:\/\/www.caririemacao.com\/1\/wp-json\/wp\/v2\/tags?post=127955"}],"curies":[{"name":"wp","href":"https:\/\/api.w.org\/{rel}","templated":true}]}}