{"id":127958,"date":"2019-10-19T06:16:58","date_gmt":"2019-10-19T09:16:58","guid":{"rendered":"http:\/\/www.caririemacao.com\/1\/?p=127958"},"modified":"2019-10-19T06:16:58","modified_gmt":"2019-10-19T09:16:58","slug":"homem-mata-irmao-por-causa-de-uma-xicara-de-cafe-na-paraiba","status":"publish","type":"post","link":"https:\/\/www.caririemacao.com\/1\/2019\/10\/19\/homem-mata-irmao-por-causa-de-uma-xicara-de-cafe-na-paraiba\/","title":{"rendered":"Homem mata irm\u00e3o por causa de uma x\u00edcara de caf\u00e9 na Para\u00edba"},"content":{"rendered":"\n<p> Um homem matou o pr\u00f3prio irm\u00e3o dentro da casa da av\u00f3 deles no bairro Monte Castelo, em Campina Grande, nesta sexta-feira (18).<\/p>\n\n\n\n<p>De acordo com informa\u00e7\u00f5es, a v\u00edtima teria trazido um bolo e caf\u00e9 para a casa da av\u00f3. O acusado ao chegar no local questionou porque n\u00e3o teria deixado caf\u00e9 para ele.<\/p>\n\n\n\n<p>Os dois iniciaram uma discuss\u00e3o e o acusado sacou uma faca peixeira e desferiu v\u00e1rios golpes no pesco\u00e7o e rosto no irm\u00e3o, que n\u00e3o resistiu e morreu.<\/p>\n\n\n\n<p>O acusado ainda tentou fugir pedindo um mototaxi, mas foi surpreendido pela pol\u00edcia. Ele tamb\u00e9m apresentava ferimentos e por isso foi levado para o Hospital de Trauma onde est\u00e1 internado sob cust\u00f3dia.<\/p>\n","protected":false},"excerpt":{"rendered":"<p>Um homem matou o pr\u00f3prio irm\u00e3o dentro da casa da av\u00f3 deles no bairro Monte Castelo, em Campina Grande, nesta sexta-feira (18). De acordo com&hellip; <\/p>\n","protected":false},"author":1,"featured_media":127959,"comment_status":"closed","ping_status":"closed","sticky":false,"template":"","format":"standard","meta":{"sfsi_plus_gutenberg_text_before_share":"","sfsi_plus_gutenberg_show_text_before_share":"","sfsi_plus_gutenberg_icon_type":"","sfsi_plus_gutenberg_icon_alignemt":"","sfsi_plus_gutenburg_max_per_row":"","footnotes":""},"categories":[12],"tags":[],"class_list":["post-127958","post","type-post","status-publish","format-standard","has-post-thumbnail","hentry","category-policia"],"_links":{"self":[{"href":"https:\/\/www.caririemacao.com\/1\/wp-json\/wp\/v2\/posts\/127958","targetHints":{"allow":["GET"]}}],"collection":[{"href":"https:\/\/www.caririemacao.com\/1\/wp-json\/wp\/v2\/posts"}],"about":[{"href":"https:\/\/www.caririemacao.com\/1\/wp-json\/wp\/v2\/types\/post"}],"author":[{"embeddable":true,"href":"https:\/\/www.caririemacao.com\/1\/wp-json\/wp\/v2\/users\/1"}],"replies":[{"embeddable":true,"href":"https:\/\/www.caririemacao.com\/1\/wp-json\/wp\/v2\/comments?post=127958"}],"version-history":[{"count":1,"href":"https:\/\/www.caririemacao.com\/1\/wp-json\/wp\/v2\/posts\/127958\/revisions"}],"predecessor-version":[{"id":127960,"href":"https:\/\/www.caririemacao.com\/1\/wp-json\/wp\/v2\/posts\/127958\/revisions\/127960"}],"wp:featuredmedia":[{"embeddable":true,"href":"https:\/\/www.caririemacao.com\/1\/wp-json\/wp\/v2\/media\/127959"}],"wp:attachment":[{"href":"https:\/\/www.caririemacao.com\/1\/wp-json\/wp\/v2\/media?parent=127958"}],"wp:term":[{"taxonomy":"category","embeddable":true,"href":"https:\/\/www.caririemacao.com\/1\/wp-json\/wp\/v2\/categories?post=127958"},{"taxonomy":"post_tag","embeddable":true,"href":"https:\/\/www.caririemacao.com\/1\/wp-json\/wp\/v2\/tags?post=127958"}],"curies":[{"name":"wp","href":"https:\/\/api.w.org\/{rel}","templated":true}]}}